{"id":22478,"date":"2026-09-03T20:05:54","date_gmt":"2026-09-03T20:05:54","guid":{"rendered":"https:\/\/www.eifaschool.com\/?p=22478"},"modified":"2026-09-03T20:12:12","modified_gmt":"2026-09-03T20:12:12","slug":"la-rentree","status":"publish","type":"post","link":"https:\/\/www.eifaschool.com\/fr\/la-rentree\/","title":{"rendered":"La rentr\u00e9e \u00e0 EIFA"},"content":{"rendered":"\t\t<div data-elementor-type=\"wp-post\" data-elementor-id=\"22478\" class=\"elementor elementor-22478 elementor-22477\" data-elementor-post-type=\"post\">\n\t\t\t\t<div class=\"elementor-element elementor-element-aa8bf13 e-flex e-con-boxed e-con e-parent\" data-id=\"aa8bf13\" data-element_type=\"container\">\n\t\t\t\t\t<div class=\"e-con-inner\">\n\t\t\t\t<div class=\"elementor-element elementor-element-8242f67 elementor-widget elementor-widget-text-editor\" data-id=\"8242f67\" data-element_type=\"widget\" data-widget_type=\"text-editor.default\">\n\t\t\t\t<div class=\"elementor-widget-container\">\n\t\t\t\t\t\t\t\t\t<p>Aujourd\u2019hui, nous \u00e9tions ravis d\u2019accueillir tous nos \u00e9l\u00e8ves \u00e0 EIFA et de retrouver nos classes pleines de vie, de sourires, de curiosit\u00e9, de rires et de belles \u00e9nergies !<br \/><br \/>Un accueil tout particulier \u00e0 nos nouveaux \u00e9l\u00e8ves et \u00e0 leurs familles qui rejoignent notre communaut\u00e9 cette ann\u00e9e. Nous sommes tr\u00e8s heureux de commencer cette nouvelle aventure \u00e0 leurs c\u00f4t\u00e9s et avons h\u00e2te de vivre ensemble une nouvelle ann\u00e9e scolaire riche en apprentissages, d\u00e9couvertes, amiti\u00e9s et moments inoubliables. \ud83d\udcda\u2728<br \/><br \/>\u00c0 une merveilleuse ann\u00e9e \u00e0 venir \u00e0 EIFA ! \ud83d\udc9c\ud83e\ude75<\/p>\t\t\t\t\t\t\t\t<\/div>\n\t\t\t\t<\/div>\n\t\t\t\t<div class=\"elementor-element elementor-element-d58daf3 elementor-widget elementor-widget-gallery\" data-id=\"d58daf3\" data-element_type=\"widget\" data-settings=\"{&quot;columns&quot;:2,&quot;aspect_ratio&quot;:&quot;1:1&quot;,&quot;gap&quot;:{&quot;unit&quot;:&quot;px&quot;,&quot;size&quot;:8,&quot;sizes&quot;:[]},&quot;lazyload&quot;:&quot;yes&quot;,&quot;gallery_layout&quot;:&quot;grid&quot;,&quot;columns_tablet&quot;:2,&quot;columns_mobile&quot;:1,&quot;gap_tablet&quot;:{&quot;unit&quot;:&quot;px&quot;,&quot;size&quot;:10,&quot;sizes&quot;:[]},&quot;gap_mobile&quot;:{&quot;unit&quot;:&quot;px&quot;,&quot;size&quot;:10,&quot;sizes&quot;:[]},&quot;link_to&quot;:&quot;file&quot;,&quot;overlay_background&quot;:&quot;yes&quot;,&quot;content_hover_animation&quot;:&quot;fade-in&quot;}\" data-widget_type=\"gallery.default\">\n\t\t\t\t<div class=\"elementor-widget-container\">\n\t\t\t\t\t\t\t<div class=\"elementor-gallery__container\">\n\t\t\t\t\t\t\t<a class=\"e-gallery-item elementor-gallery-item elementor-animated-content\" href=\"https:\/\/www.eifaschool.com\/wp-content\/uploads\/rentree-1.jpg\" data-elementor-open-lightbox=\"yes\" data-elementor-lightbox-slideshow=\"d58daf3\" data-elementor-lightbox-title=\"EIFA Des adultes et des enfants se rassemblent devant un b\u00e2timent blanc, munis de sacs \u00e0 dos, peut-\u00eatre pour c\u00e9l\u00e9brer la Journ\u00e9e mondiale de l\u2019alimentation. Deux hommes se serrent la main pr\u00e8s de l\u2019entr\u00e9e, tandis que d\u2019autres attendent ou observent la sc\u00e8ne, cr\u00e9ant ainsi une ambiance anim\u00e9e et accueillante.\" data-elementor-lightbox-description=\"EIFA Des adultes et des enfants se rassemblent devant un b\u00e2timent blanc, munis de sacs \u00e0 dos, peut-\u00eatre pour c\u00e9l\u00e9brer la Journ\u00e9e mondiale de l\u2019alimentation. Deux hommes se serrent la main pr\u00e8s de l\u2019entr\u00e9e, tandis que d\u2019autres attendent ou observent la sc\u00e8ne, cr\u00e9ant ainsi une ambiance anim\u00e9e et accueillante.\" data-e-action-hash=\"#elementor-action%3Aaction%3Dlightbox%26settings%3DeyJpZCI6MjI0ODAsInVybCI6Imh0dHBzOlwvXC93d3cuZWlmYXNjaG9vbC5jb21cL3dwLWNvbnRlbnRcL3VwbG9hZHNcL3JlbnRyZWUtMS5qcGciLCJzbGlkZXNob3ciOiJkNThkYWYzIn0%3D\">\n\t\t\t\t\t<div class=\"e-gallery-image elementor-gallery-item__image\" data-thumbnail=\"https:\/\/www.eifaschool.com\/wp-content\/uploads\/rentree-1.jpg\" data-width=\"1086\" data-height=\"1358\" aria-label=\"EIFA Des adultes et des enfants se rassemblent devant un b\u00e2timent blanc, munis de sacs \u00e0 dos, peut-\u00eatre pour c\u00e9l\u00e9brer la Journ\u00e9e mondiale de l\u2019alimentation. Deux hommes se serrent la main pr\u00e8s de l\u2019entr\u00e9e, tandis que d\u2019autres attendent ou observent la sc\u00e8ne, cr\u00e9ant ainsi une ambiance anim\u00e9e et accueillante.\" role=\"img\" ><\/div>\n\t\t\t\t\t\t\t\t\t\t\t<div class=\"elementor-gallery-item__overlay\"><\/div>\n\t\t\t\t\t\t\t\t\t\t\t\t\t\t<\/a>\n\t\t\t\t\t\t\t<a class=\"e-gallery-item elementor-gallery-item elementor-animated-content\" href=\"https:\/\/www.eifaschool.com\/wp-content\/uploads\/rentree-7.jpg\" data-elementor-open-lightbox=\"yes\" data-elementor-lightbox-slideshow=\"d58daf3\" data-elementor-lightbox-title=\"EIFA \u00c0 l&#039;occasion de la Journ\u00e9e mondiale de l&#039;alimentation, un groupe d&#039;enfants v\u00eatus de gilets bleus monte les marches de marbre menant \u00e0 l&#039;entr\u00e9e d&#039;un b\u00e2timent blanc dot\u00e9 d&#039;une porte noire, au num\u00e9ro 36. Un adulte les fait entrer. Une pancarte pr\u00e8s de la porte porte l&#039;inscription \u00ab eifa \u00bb.\" data-elementor-lightbox-description=\"EIFA \u00c0 l&#039;occasion de la Journ\u00e9e mondiale de l&#039;alimentation, un groupe d&#039;enfants v\u00eatus de gilets bleus monte les marches de marbre menant \u00e0 l&#039;entr\u00e9e d&#039;un b\u00e2timent blanc dot\u00e9 d&#039;une porte noire, au num\u00e9ro 36. Un adulte les fait entrer. Une pancarte pr\u00e8s de la porte porte l&#039;inscription \u00ab eifa \u00bb.\" data-e-action-hash=\"#elementor-action%3Aaction%3Dlightbox%26settings%3DeyJpZCI6MjI0OTIsInVybCI6Imh0dHBzOlwvXC93d3cuZWlmYXNjaG9vbC5jb21cL3dwLWNvbnRlbnRcL3VwbG9hZHNcL3JlbnRyZWUtNy5qcGciLCJzbGlkZXNob3ciOiJkNThkYWYzIn0%3D\">\n\t\t\t\t\t<div class=\"e-gallery-image elementor-gallery-item__image\" data-thumbnail=\"https:\/\/www.eifaschool.com\/wp-content\/uploads\/rentree-7-1229x1536.jpg\" data-width=\"1229\" data-height=\"1536\" aria-label=\"EIFA \u00c0 l&#039;occasion de la Journ\u00e9e mondiale de l&#039;alimentation, un groupe d&#039;enfants v\u00eatus de gilets bleus monte les marches de marbre menant \u00e0 l&#039;entr\u00e9e d&#039;un b\u00e2timent blanc dot\u00e9 d&#039;une porte noire, au num\u00e9ro 36. Un adulte les fait entrer. Une pancarte pr\u00e8s de la porte porte l&#039;inscription \u00ab eifa \u00bb.\" role=\"img\" ><\/div>\n\t\t\t\t\t\t\t\t\t\t\t<div class=\"elementor-gallery-item__overlay\"><\/div>\n\t\t\t\t\t\t\t\t\t\t\t\t\t\t<\/a>\n\t\t\t\t\t\t\t<a class=\"e-gallery-item elementor-gallery-item elementor-animated-content\" href=\"https:\/\/www.eifaschool.com\/wp-content\/uploads\/rentree-10.jpg\" data-elementor-open-lightbox=\"yes\" data-elementor-lightbox-slideshow=\"d58daf3\" data-elementor-lightbox-title=\"EIFA \u00c0 l\u2019occasion de la Journ\u00e9e mondiale de l\u2019alimentation, une enseignante fait la lecture \u00e0 un groupe de jeunes enfants assis par terre dans une salle de classe. Un enfant l\u00e8ve la main tandis que l\u2019enseignante anime la classe ; on aper\u00e7oit des mots et des lettres de l\u2019alphabet \u00e9crits au tableau blanc derri\u00e8re elle.\" data-elementor-lightbox-description=\"EIFA \u00c0 l\u2019occasion de la Journ\u00e9e mondiale de l\u2019alimentation, une enseignante fait la lecture \u00e0 un groupe de jeunes enfants assis par terre dans une salle de classe. Un enfant l\u00e8ve la main tandis que l\u2019enseignante anime la classe ; on aper\u00e7oit des mots et des lettres de l\u2019alphabet \u00e9crits au tableau blanc derri\u00e8re elle.\" data-e-action-hash=\"#elementor-action%3Aaction%3Dlightbox%26settings%3DeyJpZCI6MjI0OTgsInVybCI6Imh0dHBzOlwvXC93d3cuZWlmYXNjaG9vbC5jb21cL3dwLWNvbnRlbnRcL3VwbG9hZHNcL3JlbnRyZWUtMTAuanBnIiwic2xpZGVzaG93IjoiZDU4ZGFmMyJ9\">\n\t\t\t\t\t<div class=\"e-gallery-image elementor-gallery-item__image\" data-thumbnail=\"https:\/\/www.eifaschool.com\/wp-content\/uploads\/rentree-10-1230x1536.jpg\" data-width=\"1230\" data-height=\"1536\" aria-label=\"EIFA \u00c0 l\u2019occasion de la Journ\u00e9e mondiale de l\u2019alimentation, une enseignante fait la lecture \u00e0 un groupe de jeunes enfants assis par terre dans une salle de classe. Un enfant l\u00e8ve la main tandis que l\u2019enseignante anime la classe ; on aper\u00e7oit des mots et des lettres de l\u2019alphabet \u00e9crits au tableau blanc derri\u00e8re elle.\" role=\"img\" ><\/div>\n\t\t\t\t\t\t\t\t\t\t\t<div class=\"elementor-gallery-item__overlay\"><\/div>\n\t\t\t\t\t\t\t\t\t\t\t\t\t\t<\/a>\n\t\t\t\t\t\t\t<a class=\"e-gallery-item elementor-gallery-item elementor-animated-content\" href=\"https:\/\/www.eifaschool.com\/wp-content\/uploads\/rentree-4.jpg\" data-elementor-open-lightbox=\"yes\" data-elementor-lightbox-slideshow=\"d58daf3\" data-elementor-lightbox-title=\"EIFA Sept jeunes enfants sont assis autour d\u2019une table blanche et dessinent sur du papier \u00e0 l\u2019aide de crayons de couleur et de feutres, dans une salle de classe. \u00c0 l\u2019occasion de la Journ\u00e9e mondiale de l\u2019alimentation, certaines de leurs \u0153uvres ont pour th\u00e8me les aliments sains et la nutrition dans le monde. Le mat\u00e9riel de dessin est rang\u00e9 dans des bo\u00eetes pos\u00e9es sur la table.\" data-elementor-lightbox-description=\"EIFA Sept jeunes enfants sont assis autour d\u2019une table blanche et dessinent sur du papier \u00e0 l\u2019aide de crayons de couleur et de feutres, dans une salle de classe. \u00c0 l\u2019occasion de la Journ\u00e9e mondiale de l\u2019alimentation, certaines de leurs \u0153uvres ont pour th\u00e8me les aliments sains et la nutrition dans le monde. Le mat\u00e9riel de dessin est rang\u00e9 dans des bo\u00eetes pos\u00e9es sur la table.\" data-e-action-hash=\"#elementor-action%3Aaction%3Dlightbox%26settings%3DeyJpZCI6MjI0ODYsInVybCI6Imh0dHBzOlwvXC93d3cuZWlmYXNjaG9vbC5jb21cL3dwLWNvbnRlbnRcL3VwbG9hZHNcL3JlbnRyZWUtNC5qcGciLCJzbGlkZXNob3ciOiJkNThkYWYzIn0%3D\">\n\t\t\t\t\t<div class=\"e-gallery-image elementor-gallery-item__image\" data-thumbnail=\"https:\/\/www.eifaschool.com\/wp-content\/uploads\/rentree-4-1230x1536.jpg\" data-width=\"1230\" data-height=\"1536\" aria-label=\"EIFA Sept jeunes enfants sont assis autour d\u2019une table blanche et dessinent sur du papier \u00e0 l\u2019aide de crayons de couleur et de feutres, dans une salle de classe. \u00c0 l\u2019occasion de la Journ\u00e9e mondiale de l\u2019alimentation, certaines de leurs \u0153uvres ont pour th\u00e8me les aliments sains et la nutrition dans le monde. Le mat\u00e9riel de dessin est rang\u00e9 dans des bo\u00eetes pos\u00e9es sur la table.\" role=\"img\" ><\/div>\n\t\t\t\t\t\t\t\t\t\t\t<div class=\"elementor-gallery-item__overlay\"><\/div>\n\t\t\t\t\t\t\t\t\t\t\t\t\t\t<\/a>\n\t\t\t\t\t\t\t<a class=\"e-gallery-item elementor-gallery-item elementor-animated-content\" href=\"https:\/\/www.eifaschool.com\/wp-content\/uploads\/rentree-6.jpg\" data-elementor-open-lightbox=\"yes\" data-elementor-lightbox-slideshow=\"d58daf3\" data-elementor-lightbox-title=\"EIFA Dans une salle de classe, un enseignant aide quatre jeunes \u00e9l\u00e8ves \u00e0 faire leurs devoirs \u00e0 des pupitres vert vif, au milieu d&#039;\u00e9tag\u00e8res remplies de livres et de mat\u00e9riel p\u00e9dagogique, tandis qu&#039;ils d\u00e9couvrent l&#039;importance d&#039;une alimentation saine \u00e0 l&#039;occasion de la Journ\u00e9e mondiale de l&#039;alimentation.\" data-elementor-lightbox-description=\"EIFA Dans une salle de classe, un enseignant aide quatre jeunes \u00e9l\u00e8ves \u00e0 faire leurs devoirs \u00e0 des pupitres vert vif, au milieu d&#039;\u00e9tag\u00e8res remplies de livres et de mat\u00e9riel p\u00e9dagogique, tandis qu&#039;ils d\u00e9couvrent l&#039;importance d&#039;une alimentation saine \u00e0 l&#039;occasion de la Journ\u00e9e mondiale de l&#039;alimentation.\" data-e-action-hash=\"#elementor-action%3Aaction%3Dlightbox%26settings%3DeyJpZCI6MjI0OTAsInVybCI6Imh0dHBzOlwvXC93d3cuZWlmYXNjaG9vbC5jb21cL3dwLWNvbnRlbnRcL3VwbG9hZHNcL3JlbnRyZWUtNi5qcGciLCJzbGlkZXNob3ciOiJkNThkYWYzIn0%3D\">\n\t\t\t\t\t<div class=\"e-gallery-image elementor-gallery-item__image\" data-thumbnail=\"https:\/\/www.eifaschool.com\/wp-content\/uploads\/rentree-6-1228x1536.jpg\" data-width=\"1228\" data-height=\"1536\" aria-label=\"EIFA Dans une salle de classe, un enseignant aide quatre jeunes \u00e9l\u00e8ves \u00e0 faire leurs devoirs \u00e0 des pupitres vert vif, au milieu d&#039;\u00e9tag\u00e8res remplies de livres et de mat\u00e9riel p\u00e9dagogique, tandis qu&#039;ils d\u00e9couvrent l&#039;importance d&#039;une alimentation saine \u00e0 l&#039;occasion de la Journ\u00e9e mondiale de l&#039;alimentation.\" role=\"img\" ><\/div>\n\t\t\t\t\t\t\t\t\t\t\t<div class=\"elementor-gallery-item__overlay\"><\/div>\n\t\t\t\t\t\t\t\t\t\t\t\t\t\t<\/a>\n\t\t\t\t\t\t\t<a class=\"e-gallery-item elementor-gallery-item elementor-animated-content\" href=\"https:\/\/www.eifaschool.com\/wp-content\/uploads\/rentree-3.jpg\" data-elementor-open-lightbox=\"yes\" data-elementor-lightbox-slideshow=\"d58daf3\" data-elementor-lightbox-title=\"EIFA Cinq jeunes enfants sont assis par terre et sur un petit canap\u00e9, en train de lire ensemble des livres d\u2019images dans une salle de classe ou une biblioth\u00e8que baign\u00e9e de lumi\u00e8re, pour c\u00e9l\u00e9brer la Journ\u00e9e mondiale de l\u2019alimentation avec des histoires qui encouragent une alimentation saine et sensibilisent aux enjeux mondiaux.\" data-elementor-lightbox-description=\"EIFA Cinq jeunes enfants sont assis par terre et sur un petit canap\u00e9, en train de lire ensemble des livres d\u2019images dans une salle de classe ou une biblioth\u00e8que baign\u00e9e de lumi\u00e8re, pour c\u00e9l\u00e9brer la Journ\u00e9e mondiale de l\u2019alimentation avec des histoires qui encouragent une alimentation saine et sensibilisent aux enjeux mondiaux.\" data-e-action-hash=\"#elementor-action%3Aaction%3Dlightbox%26settings%3DeyJpZCI6MjI0ODQsInVybCI6Imh0dHBzOlwvXC93d3cuZWlmYXNjaG9vbC5jb21cL3dwLWNvbnRlbnRcL3VwbG9hZHNcL3JlbnRyZWUtMy5qcGciLCJzbGlkZXNob3ciOiJkNThkYWYzIn0%3D\">\n\t\t\t\t\t<div class=\"e-gallery-image elementor-gallery-item__image\" data-thumbnail=\"https:\/\/www.eifaschool.com\/wp-content\/uploads\/rentree-3.jpg\" data-width=\"1086\" data-height=\"1358\" aria-label=\"EIFA Cinq jeunes enfants sont assis par terre et sur un petit canap\u00e9, en train de lire ensemble des livres d\u2019images dans une salle de classe ou une biblioth\u00e8que baign\u00e9e de lumi\u00e8re, pour c\u00e9l\u00e9brer la Journ\u00e9e mondiale de l\u2019alimentation avec des histoires qui encouragent une alimentation saine et sensibilisent aux enjeux mondiaux.\" role=\"img\" ><\/div>\n\t\t\t\t\t\t\t\t\t\t\t<div class=\"elementor-gallery-item__overlay\"><\/div>\n\t\t\t\t\t\t\t\t\t\t\t\t\t\t<\/a>\n\t\t\t\t\t\t\t<a class=\"e-gallery-item elementor-gallery-item elementor-animated-content\" href=\"https:\/\/www.eifaschool.com\/wp-content\/uploads\/rentree-8.jpg\" data-elementor-open-lightbox=\"yes\" data-elementor-lightbox-slideshow=\"d58daf3\" data-elementor-lightbox-title=\"EIFA Vue depuis l&#039;embrasure d&#039;une porte donnant sur une salle de classe o\u00f9 plusieurs \u00e9l\u00e8ves sont assis \u00e0 leur pupitre. Sur le mur, on aper\u00e7oit une affiche color\u00e9e portant l&#039;inscription \u00ab Bienvenue CM2 \u00bb, qui met en avant les pr\u00e9paratifs de la Journ\u00e9e mondiale de l&#039;alimentation. Un chariot bleu est pos\u00e9 pr\u00e8s de l&#039;embrasure de la porte.\" data-elementor-lightbox-description=\"EIFA Vue depuis l&#039;embrasure d&#039;une porte donnant sur une salle de classe o\u00f9 plusieurs \u00e9l\u00e8ves sont assis \u00e0 leur pupitre. Sur le mur, on aper\u00e7oit une affiche color\u00e9e portant l&#039;inscription \u00ab Bienvenue CM2 \u00bb, qui met en avant les pr\u00e9paratifs de la Journ\u00e9e mondiale de l&#039;alimentation. Un chariot bleu est pos\u00e9 pr\u00e8s de l&#039;embrasure de la porte.\" data-e-action-hash=\"#elementor-action%3Aaction%3Dlightbox%26settings%3DeyJpZCI6MjI0OTQsInVybCI6Imh0dHBzOlwvXC93d3cuZWlmYXNjaG9vbC5jb21cL3dwLWNvbnRlbnRcL3VwbG9hZHNcL3JlbnRyZWUtOC5qcGciLCJzbGlkZXNob3ciOiJkNThkYWYzIn0%3D\">\n\t\t\t\t\t<div class=\"e-gallery-image elementor-gallery-item__image\" data-thumbnail=\"https:\/\/www.eifaschool.com\/wp-content\/uploads\/rentree-8-1229x1536.jpg\" data-width=\"1229\" data-height=\"1536\" aria-label=\"EIFA Vue depuis l&#039;embrasure d&#039;une porte donnant sur une salle de classe o\u00f9 plusieurs \u00e9l\u00e8ves sont assis \u00e0 leur pupitre. Sur le mur, on aper\u00e7oit une affiche color\u00e9e portant l&#039;inscription \u00ab Bienvenue CM2 \u00bb, qui met en avant les pr\u00e9paratifs de la Journ\u00e9e mondiale de l&#039;alimentation. Un chariot bleu est pos\u00e9 pr\u00e8s de l&#039;embrasure de la porte.\" role=\"img\" ><\/div>\n\t\t\t\t\t\t\t\t\t\t\t<div class=\"elementor-gallery-item__overlay\"><\/div>\n\t\t\t\t\t\t\t\t\t\t\t\t\t\t<\/a>\n\t\t\t\t\t\t\t<a class=\"e-gallery-item elementor-gallery-item elementor-animated-content\" href=\"https:\/\/www.eifaschool.com\/wp-content\/uploads\/rentree-9.jpg\" data-elementor-open-lightbox=\"yes\" data-elementor-lightbox-slideshow=\"d58daf3\" data-elementor-lightbox-title=\"EIFA Deux enfants sont assis \u00e0 une table violette et colorient des fiches d&#039;activit\u00e9s les concernant \u00e0 l&#039;occasion de la Journ\u00e9e mondiale de l&#039;alimentation, entour\u00e9s de crayons de couleur, d&#039;une trousse et d&#039;une grille de mots cach\u00e9s sur le th\u00e8me de la rentr\u00e9e scolaire.\" data-elementor-lightbox-description=\"EIFA Deux enfants sont assis \u00e0 une table violette et colorient des fiches d&#039;activit\u00e9s les concernant \u00e0 l&#039;occasion de la Journ\u00e9e mondiale de l&#039;alimentation, entour\u00e9s de crayons de couleur, d&#039;une trousse et d&#039;une grille de mots cach\u00e9s sur le th\u00e8me de la rentr\u00e9e scolaire.\" data-e-action-hash=\"#elementor-action%3Aaction%3Dlightbox%26settings%3DeyJpZCI6MjI0OTYsInVybCI6Imh0dHBzOlwvXC93d3cuZWlmYXNjaG9vbC5jb21cL3dwLWNvbnRlbnRcL3VwbG9hZHNcL3JlbnRyZWUtOS5qcGciLCJzbGlkZXNob3ciOiJkNThkYWYzIn0%3D\">\n\t\t\t\t\t<div class=\"e-gallery-image elementor-gallery-item__image\" data-thumbnail=\"https:\/\/www.eifaschool.com\/wp-content\/uploads\/rentree-9-1230x1536.jpg\" data-width=\"1230\" data-height=\"1536\" aria-label=\"EIFA Deux enfants sont assis \u00e0 une table violette et colorient des fiches d&#039;activit\u00e9s les concernant \u00e0 l&#039;occasion de la Journ\u00e9e mondiale de l&#039;alimentation, entour\u00e9s de crayons de couleur, d&#039;une trousse et d&#039;une grille de mots cach\u00e9s sur le th\u00e8me de la rentr\u00e9e scolaire.\" role=\"img\" ><\/div>\n\t\t\t\t\t\t\t\t\t\t\t<div class=\"elementor-gallery-item__overlay\"><\/div>\n\t\t\t\t\t\t\t\t\t\t\t\t\t\t<\/a>\n\t\t\t\t\t<\/div>\n\t\t\t\t\t<\/div>\n\t\t\t\t<\/div>\n\t\t\t\t\t<\/div>\n\t\t\t\t<\/div>\n\t\t\t\t<\/div>\n\t\t","protected":false},"excerpt":{"rendered":"<p>Aujourd\u2019hui, nous \u00e9tions ravis d\u2019accueillir tous nos \u00e9l\u00e8ves \u00e0 EIFA et de retrouver nos classes pleines de vie, de sourires, de curiosit\u00e9, de rires et de belles \u00e9nergies !<\/p>\n","protected":false},"author":3,"featured_media":22482,"comment_status":"closed","ping_status":"open","sticky":false,"template":"","format":"standard","meta":{"footnotes":""},"categories":[67],"tags":[],"class_list":["post-22478","post","type-post","status-publish","format-standard","has-post-thumbnail","hentry","category-news-fr"],"yoast_head":"<!-- This site is optimized with the Yoast SEO Premium plugin v25.8 (Yoast SEO v27.4) - https:\/\/yoast.com\/product\/yoast-seo-premium-wordpress\/ -->\n<title>La rentr\u00e9e \u00e0 EIFA - EIFA International School (EIFA)<\/title>\n<meta name=\"description\" content=\"Nous \u00e9tions ravis d\u2019accueillir tous nos \u00e9l\u00e8ves \u00e0 EIFA et de retrouver nos classes pleines de vie, de sourires, de curiosit\u00e9 et de belles \u00e9nergies !\" \/>\n<meta name=\"robots\" content=\"index, follow, max-snippet:-1, max-image-preview:large, max-video-preview:-1\" \/>\n<link rel=\"canonical\" href=\"https:\/\/www.eifaschool.com\/fr\/la-rentree\/\" \/>\n<meta property=\"og:locale\" content=\"fr_FR\" \/>\n<meta property=\"og:type\" content=\"article\" \/>\n<meta property=\"og:title\" content=\"La rentr\u00e9e \u00e0 EIFA\" \/>\n<meta property=\"og:description\" content=\"C\u2019est la rentr\u00e9e \u00e0 l\u2019EIFA. L\u2019\u00e9cole a repris vie aujourd\u2019hui dans les \u00e9clats de rire, les cahiers tout neufs et les retrouvailles entre amis apr\u00e8s les vacances. Place aux nouveaux projets, aux d\u00e9couvertes et \u00e0 un trimestre plein d\u2019\u00e9nergie.\" \/>\n<meta property=\"og:url\" content=\"https:\/\/www.eifaschool.com\/fr\/la-rentree\/\" \/>\n<meta property=\"og:site_name\" content=\"EIFA International School (EIFA)\" \/>\n<meta property=\"article:publisher\" content=\"https:\/\/www.facebook.com\/eifainternationalschoollondon\" \/>\n<meta property=\"article:published_time\" content=\"2026-09-03T20:05:54+00:00\" \/>\n<meta property=\"article:modified_time\" content=\"2026-09-03T20:12:12+00:00\" \/>\n<meta property=\"og:image\" content=\"https:\/\/www.eifaschool.com\/wp-content\/uploads\/rentree-2-240x300.jpg\" \/>\n<meta name=\"author\" content=\"Thomas Kadri\" \/>\n<meta name=\"twitter:card\" content=\"summary_large_image\" \/>\n<meta name=\"twitter:label1\" content=\"\u00c9crit par\" \/>\n\t<meta name=\"twitter:data1\" content=\"Thomas Kadri\" \/>\n\t<meta name=\"twitter:label2\" content=\"Dur\u00e9e de lecture estim\u00e9e\" \/>\n\t<meta name=\"twitter:data2\" content=\"1 minute\" \/>\n<script type=\"application\/ld+json\" class=\"yoast-schema-graph\">{\"@context\":\"https:\\\/\\\/schema.org\",\"@graph\":[{\"@type\":\"Article\",\"@id\":\"https:\\\/\\\/www.eifaschool.com\\\/fr\\\/la-rentree\\\/#article\",\"isPartOf\":{\"@id\":\"https:\\\/\\\/www.eifaschool.com\\\/fr\\\/la-rentree\\\/\"},\"author\":{\"name\":\"Thomas Kadri\",\"@id\":\"https:\\\/\\\/www.eifaschool.com\\\/fr\\\/#\\\/schema\\\/person\\\/db8afbc0c66dd2490511ff9376a6dac9\"},\"headline\":\"La rentr\u00e9e \u00e0 EIFA\",\"datePublished\":\"2026-09-03T20:05:54+00:00\",\"dateModified\":\"2026-09-03T20:12:12+00:00\",\"mainEntityOfPage\":{\"@id\":\"https:\\\/\\\/www.eifaschool.com\\\/fr\\\/la-rentree\\\/\"},\"wordCount\":94,\"publisher\":{\"@id\":\"https:\\\/\\\/www.eifaschool.com\\\/fr\\\/#organization\"},\"image\":{\"@id\":\"https:\\\/\\\/www.eifaschool.com\\\/fr\\\/la-rentree\\\/#primaryimage\"},\"thumbnailUrl\":\"https:\\\/\\\/www.eifaschool.com\\\/wp-content\\\/uploads\\\/rentree-2.jpg\",\"articleSection\":[\"News\"],\"inLanguage\":\"fr-FR\"},{\"@type\":\"WebPage\",\"@id\":\"https:\\\/\\\/www.eifaschool.com\\\/fr\\\/la-rentree\\\/\",\"url\":\"https:\\\/\\\/www.eifaschool.com\\\/fr\\\/la-rentree\\\/\",\"name\":\"La rentr\u00e9e \u00e0 EIFA - EIFA International School (EIFA)\",\"isPartOf\":{\"@id\":\"https:\\\/\\\/www.eifaschool.com\\\/fr\\\/#website\"},\"primaryImageOfPage\":{\"@id\":\"https:\\\/\\\/www.eifaschool.com\\\/fr\\\/la-rentree\\\/#primaryimage\"},\"image\":{\"@id\":\"https:\\\/\\\/www.eifaschool.com\\\/fr\\\/la-rentree\\\/#primaryimage\"},\"thumbnailUrl\":\"https:\\\/\\\/www.eifaschool.com\\\/wp-content\\\/uploads\\\/rentree-2.jpg\",\"datePublished\":\"2026-09-03T20:05:54+00:00\",\"dateModified\":\"2026-09-03T20:12:12+00:00\",\"description\":\"Nous \u00e9tions ravis d\u2019accueillir tous nos \u00e9l\u00e8ves \u00e0 EIFA et de retrouver nos classes pleines de vie, de sourires, de curiosit\u00e9 et de belles \u00e9nergies !\",\"breadcrumb\":{\"@id\":\"https:\\\/\\\/www.eifaschool.com\\\/fr\\\/la-rentree\\\/#breadcrumb\"},\"inLanguage\":\"fr-FR\",\"potentialAction\":[{\"@type\":\"ReadAction\",\"target\":[\"https:\\\/\\\/www.eifaschool.com\\\/fr\\\/la-rentree\\\/\"]}]},{\"@type\":\"ImageObject\",\"inLanguage\":\"fr-FR\",\"@id\":\"https:\\\/\\\/www.eifaschool.com\\\/fr\\\/la-rentree\\\/#primaryimage\",\"url\":\"https:\\\/\\\/www.eifaschool.com\\\/wp-content\\\/uploads\\\/rentree-2.jpg\",\"contentUrl\":\"https:\\\/\\\/www.eifaschool.com\\\/wp-content\\\/uploads\\\/rentree-2.jpg\",\"width\":1538,\"height\":1921,\"caption\":\"EIFA Un groupe d\u2019enfants portant des gilets bleus assortis est align\u00e9 sur le trottoir devant un b\u00e2timent blanc aux balustrades noires, par une journ\u00e9e ensoleill\u00e9e, pr\u00eat \u00e0 participer aux activit\u00e9s organis\u00e9es \u00e0 l\u2019occasion de la Journ\u00e9e mondiale de l\u2019alimentation.\"},{\"@type\":\"BreadcrumbList\",\"@id\":\"https:\\\/\\\/www.eifaschool.com\\\/fr\\\/la-rentree\\\/#breadcrumb\",\"itemListElement\":[{\"@type\":\"ListItem\",\"position\":1,\"name\":\"Home\",\"item\":\"https:\\\/\\\/www.eifaschool.com\\\/fr\\\/\"},{\"@type\":\"ListItem\",\"position\":2,\"name\":\"La rentr\u00e9e \u00e0 EIFA\"}]},{\"@type\":\"WebSite\",\"@id\":\"https:\\\/\\\/www.eifaschool.com\\\/fr\\\/#website\",\"url\":\"https:\\\/\\\/www.eifaschool.com\\\/fr\\\/\",\"name\":\"EIFA International School (EIFA)\",\"description\":\"A bilingual international school for young citizens of the world\",\"publisher\":{\"@id\":\"https:\\\/\\\/www.eifaschool.com\\\/fr\\\/#organization\"},\"potentialAction\":[{\"@type\":\"SearchAction\",\"target\":{\"@type\":\"EntryPoint\",\"urlTemplate\":\"https:\\\/\\\/www.eifaschool.com\\\/fr\\\/?s={search_term_string}\"},\"query-input\":{\"@type\":\"PropertyValueSpecification\",\"valueRequired\":true,\"valueName\":\"search_term_string\"}}],\"inLanguage\":\"fr-FR\"},{\"@type\":\"Organization\",\"@id\":\"https:\\\/\\\/www.eifaschool.com\\\/fr\\\/#organization\",\"name\":\"EIFA International School (EIFA)\",\"url\":\"https:\\\/\\\/www.eifaschool.com\\\/fr\\\/\",\"logo\":{\"@type\":\"ImageObject\",\"inLanguage\":\"fr-FR\",\"@id\":\"https:\\\/\\\/www.eifaschool.com\\\/fr\\\/#\\\/schema\\\/logo\\\/image\\\/\",\"url\":\"https:\\\/\\\/www.eifaschool.com\\\/wp-content\\\/uploads\\\/2024\\\/05\\\/eifa_logo_white.png\",\"contentUrl\":\"https:\\\/\\\/www.eifaschool.com\\\/wp-content\\\/uploads\\\/2024\\\/05\\\/eifa_logo_white.png\",\"width\":500,\"height\":231,\"caption\":\"EIFA International School (EIFA)\"},\"image\":{\"@id\":\"https:\\\/\\\/www.eifaschool.com\\\/fr\\\/#\\\/schema\\\/logo\\\/image\\\/\"},\"sameAs\":[\"https:\\\/\\\/www.facebook.com\\\/eifainternationalschoollondon\",\"https:\\\/\\\/www.instagram.com\\\/eifainternationalschool\",\"https:\\\/\\\/www.youtube.com\\\/channel\\\/UCZ7MJ5WK69Dpi8spXepJv2Q\",\"https:\\\/\\\/www.linkedin.com\\\/company\\\/eifa-international-school\\\/\"]},{\"@type\":\"Person\",\"@id\":\"https:\\\/\\\/www.eifaschool.com\\\/fr\\\/#\\\/schema\\\/person\\\/db8afbc0c66dd2490511ff9376a6dac9\",\"name\":\"Thomas Kadri\",\"image\":{\"@type\":\"ImageObject\",\"inLanguage\":\"fr-FR\",\"@id\":\"https:\\\/\\\/secure.gravatar.com\\\/avatar\\\/c77470483cf02a47048b571cf698fdcd0fed33b87c8b506923412c1949b72127?s=96&d=mm&r=g\",\"url\":\"https:\\\/\\\/secure.gravatar.com\\\/avatar\\\/c77470483cf02a47048b571cf698fdcd0fed33b87c8b506923412c1949b72127?s=96&d=mm&r=g\",\"contentUrl\":\"https:\\\/\\\/secure.gravatar.com\\\/avatar\\\/c77470483cf02a47048b571cf698fdcd0fed33b87c8b506923412c1949b72127?s=96&d=mm&r=g\",\"caption\":\"Thomas Kadri\"}}]}<\/script>\n<!-- \/ Yoast SEO Premium plugin. -->","yoast_head_json":{"title":"La rentr\u00e9e \u00e0 EIFA - EIFA International School (EIFA)","description":"Nous \u00e9tions ravis d\u2019accueillir tous nos \u00e9l\u00e8ves \u00e0 EIFA et de retrouver nos classes pleines de vie, de sourires, de curiosit\u00e9 et de belles \u00e9nergies !","robots":{"index":"index","follow":"follow","max-snippet":"max-snippet:-1","max-image-preview":"max-image-preview:large","max-video-preview":"max-video-preview:-1"},"canonical":"https:\/\/www.eifaschool.com\/fr\/la-rentree\/","og_locale":"fr_FR","og_type":"article","og_title":"La rentr\u00e9e \u00e0 EIFA","og_description":"C\u2019est la rentr\u00e9e \u00e0 l\u2019EIFA. L\u2019\u00e9cole a repris vie aujourd\u2019hui dans les \u00e9clats de rire, les cahiers tout neufs et les retrouvailles entre amis apr\u00e8s les vacances. Place aux nouveaux projets, aux d\u00e9couvertes et \u00e0 un trimestre plein d\u2019\u00e9nergie.","og_url":"https:\/\/www.eifaschool.com\/fr\/la-rentree\/","og_site_name":"EIFA International School (EIFA)","article_publisher":"https:\/\/www.facebook.com\/eifainternationalschoollondon","article_published_time":"2026-09-03T20:05:54+00:00","article_modified_time":"2026-09-03T20:12:12+00:00","og_image":[{"url":"https:\/\/www.eifaschool.com\/wp-content\/uploads\/rentree-2-240x300.jpg","type":"","width":"","height":""}],"author":"Thomas Kadri","twitter_card":"summary_large_image","twitter_misc":{"\u00c9crit par":"Thomas Kadri","Dur\u00e9e de lecture estim\u00e9e":"1 minute"},"schema":{"@context":"https:\/\/schema.org","@graph":[{"@type":"Article","@id":"https:\/\/www.eifaschool.com\/fr\/la-rentree\/#article","isPartOf":{"@id":"https:\/\/www.eifaschool.com\/fr\/la-rentree\/"},"author":{"name":"Thomas Kadri","@id":"https:\/\/www.eifaschool.com\/fr\/#\/schema\/person\/db8afbc0c66dd2490511ff9376a6dac9"},"headline":"La rentr\u00e9e \u00e0 EIFA","datePublished":"2026-09-03T20:05:54+00:00","dateModified":"2026-09-03T20:12:12+00:00","mainEntityOfPage":{"@id":"https:\/\/www.eifaschool.com\/fr\/la-rentree\/"},"wordCount":94,"publisher":{"@id":"https:\/\/www.eifaschool.com\/fr\/#organization"},"image":{"@id":"https:\/\/www.eifaschool.com\/fr\/la-rentree\/#primaryimage"},"thumbnailUrl":"https:\/\/www.eifaschool.com\/wp-content\/uploads\/rentree-2.jpg","articleSection":["News"],"inLanguage":"fr-FR"},{"@type":"WebPage","@id":"https:\/\/www.eifaschool.com\/fr\/la-rentree\/","url":"https:\/\/www.eifaschool.com\/fr\/la-rentree\/","name":"La rentr\u00e9e \u00e0 EIFA - EIFA International School (EIFA)","isPartOf":{"@id":"https:\/\/www.eifaschool.com\/fr\/#website"},"primaryImageOfPage":{"@id":"https:\/\/www.eifaschool.com\/fr\/la-rentree\/#primaryimage"},"image":{"@id":"https:\/\/www.eifaschool.com\/fr\/la-rentree\/#primaryimage"},"thumbnailUrl":"https:\/\/www.eifaschool.com\/wp-content\/uploads\/rentree-2.jpg","datePublished":"2026-09-03T20:05:54+00:00","dateModified":"2026-09-03T20:12:12+00:00","description":"Nous \u00e9tions ravis d\u2019accueillir tous nos \u00e9l\u00e8ves \u00e0 EIFA et de retrouver nos classes pleines de vie, de sourires, de curiosit\u00e9 et de belles \u00e9nergies !","breadcrumb":{"@id":"https:\/\/www.eifaschool.com\/fr\/la-rentree\/#breadcrumb"},"inLanguage":"fr-FR","potentialAction":[{"@type":"ReadAction","target":["https:\/\/www.eifaschool.com\/fr\/la-rentree\/"]}]},{"@type":"ImageObject","inLanguage":"fr-FR","@id":"https:\/\/www.eifaschool.com\/fr\/la-rentree\/#primaryimage","url":"https:\/\/www.eifaschool.com\/wp-content\/uploads\/rentree-2.jpg","contentUrl":"https:\/\/www.eifaschool.com\/wp-content\/uploads\/rentree-2.jpg","width":1538,"height":1921,"caption":"EIFA Un groupe d\u2019enfants portant des gilets bleus assortis est align\u00e9 sur le trottoir devant un b\u00e2timent blanc aux balustrades noires, par une journ\u00e9e ensoleill\u00e9e, pr\u00eat \u00e0 participer aux activit\u00e9s organis\u00e9es \u00e0 l\u2019occasion de la Journ\u00e9e mondiale de l\u2019alimentation."},{"@type":"BreadcrumbList","@id":"https:\/\/www.eifaschool.com\/fr\/la-rentree\/#breadcrumb","itemListElement":[{"@type":"ListItem","position":1,"name":"Home","item":"https:\/\/www.eifaschool.com\/fr\/"},{"@type":"ListItem","position":2,"name":"La rentr\u00e9e \u00e0 EIFA"}]},{"@type":"WebSite","@id":"https:\/\/www.eifaschool.com\/fr\/#website","url":"https:\/\/www.eifaschool.com\/fr\/","name":"EIFA International School (EIFA)","description":"A bilingual international school for young citizens of the world","publisher":{"@id":"https:\/\/www.eifaschool.com\/fr\/#organization"},"potentialAction":[{"@type":"SearchAction","target":{"@type":"EntryPoint","urlTemplate":"https:\/\/www.eifaschool.com\/fr\/?s={search_term_string}"},"query-input":{"@type":"PropertyValueSpecification","valueRequired":true,"valueName":"search_term_string"}}],"inLanguage":"fr-FR"},{"@type":"Organization","@id":"https:\/\/www.eifaschool.com\/fr\/#organization","name":"EIFA International School (EIFA)","url":"https:\/\/www.eifaschool.com\/fr\/","logo":{"@type":"ImageObject","inLanguage":"fr-FR","@id":"https:\/\/www.eifaschool.com\/fr\/#\/schema\/logo\/image\/","url":"https:\/\/www.eifaschool.com\/wp-content\/uploads\/2024\/05\/eifa_logo_white.png","contentUrl":"https:\/\/www.eifaschool.com\/wp-content\/uploads\/2024\/05\/eifa_logo_white.png","width":500,"height":231,"caption":"EIFA International School (EIFA)"},"image":{"@id":"https:\/\/www.eifaschool.com\/fr\/#\/schema\/logo\/image\/"},"sameAs":["https:\/\/www.facebook.com\/eifainternationalschoollondon","https:\/\/www.instagram.com\/eifainternationalschool","https:\/\/www.youtube.com\/channel\/UCZ7MJ5WK69Dpi8spXepJv2Q","https:\/\/www.linkedin.com\/company\/eifa-international-school\/"]},{"@type":"Person","@id":"https:\/\/www.eifaschool.com\/fr\/#\/schema\/person\/db8afbc0c66dd2490511ff9376a6dac9","name":"Thomas Kadri","image":{"@type":"ImageObject","inLanguage":"fr-FR","@id":"https:\/\/secure.gravatar.com\/avatar\/c77470483cf02a47048b571cf698fdcd0fed33b87c8b506923412c1949b72127?s=96&d=mm&r=g","url":"https:\/\/secure.gravatar.com\/avatar\/c77470483cf02a47048b571cf698fdcd0fed33b87c8b506923412c1949b72127?s=96&d=mm&r=g","contentUrl":"https:\/\/secure.gravatar.com\/avatar\/c77470483cf02a47048b571cf698fdcd0fed33b87c8b506923412c1949b72127?s=96&d=mm&r=g","caption":"Thomas Kadri"}}]}},"_links":{"self":[{"href":"https:\/\/www.eifaschool.com\/fr\/wp-json\/wp\/v2\/posts\/22478","targetHints":{"allow":["GET"]}}],"collection":[{"href":"https:\/\/www.eifaschool.com\/fr\/wp-json\/wp\/v2\/posts"}],"about":[{"href":"https:\/\/www.eifaschool.com\/fr\/wp-json\/wp\/v2\/types\/post"}],"author":[{"embeddable":true,"href":"https:\/\/www.eifaschool.com\/fr\/wp-json\/wp\/v2\/users\/3"}],"replies":[{"embeddable":true,"href":"https:\/\/www.eifaschool.com\/fr\/wp-json\/wp\/v2\/comments?post=22478"}],"version-history":[{"count":4,"href":"https:\/\/www.eifaschool.com\/fr\/wp-json\/wp\/v2\/posts\/22478\/revisions"}],"predecessor-version":[{"id":22512,"href":"https:\/\/www.eifaschool.com\/fr\/wp-json\/wp\/v2\/posts\/22478\/revisions\/22512"}],"wp:featuredmedia":[{"embeddable":true,"href":"https:\/\/www.eifaschool.com\/fr\/wp-json\/wp\/v2\/media\/22482"}],"wp:attachment":[{"href":"https:\/\/www.eifaschool.com\/fr\/wp-json\/wp\/v2\/media?parent=22478"}],"wp:term":[{"taxonomy":"category","embeddable":true,"href":"https:\/\/www.eifaschool.com\/fr\/wp-json\/wp\/v2\/categories?post=22478"},{"taxonomy":"post_tag","embeddable":true,"href":"https:\/\/www.eifaschool.com\/fr\/wp-json\/wp\/v2\/tags?post=22478"}],"curies":[{"name":"wp","href":"https:\/\/api.w.org\/{rel}","templated":true}]}}