{"id":21290,"date":"2026-04-28T09:30:55","date_gmt":"2026-04-28T09:30:55","guid":{"rendered":"https:\/\/www.eifaschool.com\/?p=21290"},"modified":"2026-04-28T09:37:18","modified_gmt":"2026-04-28T09:37:18","slug":"tcs-mini-londres-marathon","status":"publish","type":"post","link":"https:\/\/www.eifaschool.com\/fr\/tcs-mini-londres-marathon\/","title":{"rendered":"TCS Mini Londres Marathon"},"content":{"rendered":"\t\t<div data-elementor-type=\"wp-post\" data-elementor-id=\"21290\" class=\"elementor elementor-21290 elementor-21289\" data-elementor-post-type=\"post\">\n\t\t\t\t<div class=\"elementor-element elementor-element-aa8bf13 e-flex e-con-boxed e-con e-parent\" data-id=\"aa8bf13\" data-element_type=\"container\">\n\t\t\t\t\t<div class=\"e-con-inner\">\n\t\t\t\t<div class=\"elementor-element elementor-element-8242f67 elementor-widget elementor-widget-text-editor\" data-id=\"8242f67\" data-element_type=\"widget\" data-widget_type=\"text-editor.default\">\n\t\t\t\t<div class=\"elementor-widget-container\">\n\t\t\t\t\t\t\t\t\t<p>Tr\u00e8s fiers de notre communaut\u00e9 scolaire \ud83d\udc99<br \/><br \/>25 \u00e9l\u00e8ves de l&rsquo;EIFA, accompagn\u00e9s de leurs familles, ont particip\u00e9 \u00e0 la TCS Mini London Marathon ce samedi 25 avril \ud83d\udc5f Une exp\u00e9rience incroyable, surtout pour beaucoup de nos enfants, pour qui un tel \u00e9v\u00e8nement \u00e9tait une premi\u00e8re !<br \/><br \/>Pour couronner le tout, notre responsable de la maternelle a \u00e9galement couru le London Marathon complet le dimanche 26 avril, un exploit impressionnant et une v\u00e9ritable source d\u2019inspiration pour nous tous \ud83d\ude4c<br \/><br \/>Nous \u00e9tions tous derri\u00e8re nos coureurs \u00e0 chaque \u00e9tape !<br \/><br \/>F\u00e9licitations \u00e0 tous les participants \ud83c\udfc5<br \/>Petite \u00e9cole. Grand c\u0153ur. \u00c9quipe EIFA \ud83d\udcab<\/p>\t\t\t\t\t\t\t\t<\/div>\n\t\t\t\t<\/div>\n\t\t\t\t<div class=\"elementor-element elementor-element-ab6cae6 elementor-widget elementor-widget-image-gallery\" data-id=\"ab6cae6\" data-element_type=\"widget\" data-widget_type=\"image-gallery.default\">\n\t\t\t\t<div class=\"elementor-widget-container\">\n\t\t\t\t\t\t\t<div class=\"elementor-image-gallery\">\n\t\t\t<div id='gallery-1' class='gallery galleryid-21290 gallery-columns-3 gallery-size-medium_large'><figure class='gallery-item'>\n\t\t\t<div class='gallery-icon landscape'>\n\t\t\t\t<a data-elementor-open-lightbox=\"yes\" data-elementor-lightbox-slideshow=\"ab6cae6\" data-elementor-lightbox-title=\"EIFA Des coureurs, enfants et adultes, participent \u00e0 un marathon pr\u00e8s des portes du palais de Buckingham, \u00e0 Londres, lors d&#039;une Journ\u00e9e mondiale de l&#039;alimentation ensoleill\u00e9e. Certains coureurs font des signes tandis que d&#039;autres se concentrent ; les spectateurs regardent derri\u00e8re les barri\u00e8res.\" data-elementor-lightbox-description=\"EIFA Des coureurs, enfants et adultes, participent \u00e0 un marathon pr\u00e8s des portes du palais de Buckingham, \u00e0 Londres, lors d&#039;une Journ\u00e9e mondiale de l&#039;alimentation ensoleill\u00e9e. Certains coureurs font des signes tandis que d&#039;autres se concentrent ; les spectateurs regardent derri\u00e8re les barri\u00e8res.\" data-e-action-hash=\"#elementor-action%3Aaction%3Dlightbox%26settings%3DeyJpZCI6MjEzMDIsInVybCI6Imh0dHBzOlwvXC93d3cuZWlmYXNjaG9vbC5jb21cL3dwLWNvbnRlbnRcL3VwbG9hZHNcL01hcmF0aG9uLTQuanBnIiwic2xpZGVzaG93IjoiYWI2Y2FlNiJ9\" href='https:\/\/www.eifaschool.com\/wp-content\/uploads\/Marathon-4.jpg'><img fetchpriority=\"high\" decoding=\"async\" width=\"640\" height=\"640\" src=\"https:\/\/www.eifaschool.com\/wp-content\/uploads\/Marathon-4-768x768.jpg\" class=\"attachment-medium_large size-medium_large\" alt=\"EIFA Des coureurs, enfants et adultes, participent \u00e0 un marathon pr\u00e8s des portes du palais de Buckingham, \u00e0 Londres, lors d&#039;une Journ\u00e9e mondiale de l&#039;alimentation ensoleill\u00e9e. Certains coureurs font des signes tandis que d&#039;autres se concentrent ; les spectateurs regardent derri\u00e8re les barri\u00e8res.\" aria-describedby=\"gallery-1-21302\" srcset=\"https:\/\/www.eifaschool.com\/wp-content\/uploads\/Marathon-4-768x768.jpg 768w, https:\/\/www.eifaschool.com\/wp-content\/uploads\/Marathon-4-300x300.jpg 300w, https:\/\/www.eifaschool.com\/wp-content\/uploads\/Marathon-4-1024x1024.jpg 1024w, https:\/\/www.eifaschool.com\/wp-content\/uploads\/Marathon-4-150x150.jpg 150w, https:\/\/www.eifaschool.com\/wp-content\/uploads\/Marathon-4.jpg 1080w\" sizes=\"(max-width: 640px) 100vw, 640px\" \/><\/a>\n\t\t\t<\/div>\n\t\t\t\t<figcaption class='wp-caption-text gallery-caption' id='gallery-1-21302'>\n\t\t\t\tEIFA Des coureurs, enfants et adultes, participent \u00e0 un marathon pr\u00e8s des portes du palais de Buckingham, \u00e0 Londres, lors d&rsquo;une Journ\u00e9e mondiale de l&rsquo;alimentation ensoleill\u00e9e. Certains coureurs font des signes tandis que d&rsquo;autres se concentrent ; les spectateurs regardent derri\u00e8re les barri\u00e8res.\n\t\t\t\t<\/figcaption><\/figure><figure class='gallery-item'>\n\t\t\t<div class='gallery-icon landscape'>\n\t\t\t\t<a data-elementor-open-lightbox=\"yes\" data-elementor-lightbox-slideshow=\"ab6cae6\" data-elementor-lightbox-title=\"EIFA Des enfants font la course le long d&#039;un chemin bord\u00e9 d&#039;arbres, tandis que des spectateurs les observent derri\u00e8re des barri\u00e8res, lors d&#039;une Journ\u00e9e mondiale de l&#039;alimentation ensoleill\u00e9e dans le parc. Les ombres des arbres couvrent une partie du sol.\" data-elementor-lightbox-description=\"EIFA Des enfants font la course le long d&#039;un chemin bord\u00e9 d&#039;arbres, tandis que des spectateurs les observent derri\u00e8re des barri\u00e8res, lors d&#039;une Journ\u00e9e mondiale de l&#039;alimentation ensoleill\u00e9e dans le parc. Les ombres des arbres couvrent une partie du sol.\" data-e-action-hash=\"#elementor-action%3Aaction%3Dlightbox%26settings%3DeyJpZCI6MjEzMDAsInVybCI6Imh0dHBzOlwvXC93d3cuZWlmYXNjaG9vbC5jb21cL3dwLWNvbnRlbnRcL3VwbG9hZHNcL01hcmF0aG9uLTMuanBnIiwic2xpZGVzaG93IjoiYWI2Y2FlNiJ9\" href='https:\/\/www.eifaschool.com\/wp-content\/uploads\/Marathon-3.jpg'><img decoding=\"async\" width=\"640\" height=\"640\" src=\"https:\/\/www.eifaschool.com\/wp-content\/uploads\/Marathon-3-768x768.jpg\" class=\"attachment-medium_large size-medium_large\" alt=\"EIFA Des enfants font la course le long d&#039;un chemin bord\u00e9 d&#039;arbres, tandis que des spectateurs les observent derri\u00e8re des barri\u00e8res, lors d&#039;une Journ\u00e9e mondiale de l&#039;alimentation ensoleill\u00e9e dans le parc. Les ombres des arbres couvrent une partie du sol.\" aria-describedby=\"gallery-1-21300\" srcset=\"https:\/\/www.eifaschool.com\/wp-content\/uploads\/Marathon-3-768x768.jpg 768w, https:\/\/www.eifaschool.com\/wp-content\/uploads\/Marathon-3-300x300.jpg 300w, https:\/\/www.eifaschool.com\/wp-content\/uploads\/Marathon-3-1024x1024.jpg 1024w, https:\/\/www.eifaschool.com\/wp-content\/uploads\/Marathon-3-150x150.jpg 150w, https:\/\/www.eifaschool.com\/wp-content\/uploads\/Marathon-3.jpg 1080w\" sizes=\"(max-width: 640px) 100vw, 640px\" \/><\/a>\n\t\t\t<\/div>\n\t\t\t\t<figcaption class='wp-caption-text gallery-caption' id='gallery-1-21300'>\n\t\t\t\tEIFA Des enfants font la course le long d&rsquo;un chemin bord\u00e9 d&rsquo;arbres, tandis que des spectateurs les observent derri\u00e8re des barri\u00e8res, lors d&rsquo;une Journ\u00e9e mondiale de l&rsquo;alimentation ensoleill\u00e9e dans le parc. Les ombres des arbres couvrent une partie du sol.\n\t\t\t\t<\/figcaption><\/figure><figure class='gallery-item'>\n\t\t\t<div class='gallery-icon landscape'>\n\t\t\t\t<a data-elementor-open-lightbox=\"yes\" data-elementor-lightbox-slideshow=\"ab6cae6\" data-elementor-lightbox-title=\"EIFA Une jeune fille souriante portant un dossard et une m\u00e9daille se tient devant une cl\u00f4ture noire dans un parc, les bras tendus, pour c\u00e9l\u00e9brer la Journ\u00e9e mondiale de l&#039;alimentation. Des arbres verdoyants et des personnes sont visibles \u00e0 l&#039;arri\u00e8re-plan.\" data-elementor-lightbox-description=\"EIFA Une jeune fille souriante portant un dossard et une m\u00e9daille se tient devant une cl\u00f4ture noire dans un parc, les bras tendus, pour c\u00e9l\u00e9brer la Journ\u00e9e mondiale de l&#039;alimentation. Des arbres verdoyants et des personnes sont visibles \u00e0 l&#039;arri\u00e8re-plan.\" data-e-action-hash=\"#elementor-action%3Aaction%3Dlightbox%26settings%3DeyJpZCI6MjEyOTgsInVybCI6Imh0dHBzOlwvXC93d3cuZWlmYXNjaG9vbC5jb21cL3dwLWNvbnRlbnRcL3VwbG9hZHNcL01hcmF0aG9uLTIuanBnIiwic2xpZGVzaG93IjoiYWI2Y2FlNiJ9\" href='https:\/\/www.eifaschool.com\/wp-content\/uploads\/Marathon-2.jpg'><img decoding=\"async\" width=\"640\" height=\"640\" src=\"https:\/\/www.eifaschool.com\/wp-content\/uploads\/Marathon-2-768x768.jpg\" class=\"attachment-medium_large size-medium_large\" alt=\"EIFA Une jeune fille souriante portant un dossard et une m\u00e9daille se tient devant une cl\u00f4ture noire dans un parc, les bras tendus, pour c\u00e9l\u00e9brer la Journ\u00e9e mondiale de l&#039;alimentation. Des arbres verdoyants et des personnes sont visibles \u00e0 l&#039;arri\u00e8re-plan.\" aria-describedby=\"gallery-1-21298\" srcset=\"https:\/\/www.eifaschool.com\/wp-content\/uploads\/Marathon-2-768x768.jpg 768w, https:\/\/www.eifaschool.com\/wp-content\/uploads\/Marathon-2-300x300.jpg 300w, https:\/\/www.eifaschool.com\/wp-content\/uploads\/Marathon-2-1024x1024.jpg 1024w, https:\/\/www.eifaschool.com\/wp-content\/uploads\/Marathon-2-150x150.jpg 150w, https:\/\/www.eifaschool.com\/wp-content\/uploads\/Marathon-2.jpg 1080w\" sizes=\"(max-width: 640px) 100vw, 640px\" \/><\/a>\n\t\t\t<\/div>\n\t\t\t\t<figcaption class='wp-caption-text gallery-caption' id='gallery-1-21298'>\n\t\t\t\tEIFA Une jeune fille souriante portant un dossard et une m\u00e9daille se tient devant une cl\u00f4ture noire dans un parc, les bras tendus, pour c\u00e9l\u00e9brer la Journ\u00e9e mondiale de l&rsquo;alimentation. Des arbres verdoyants et des personnes sont visibles \u00e0 l&rsquo;arri\u00e8re-plan.\n\t\t\t\t<\/figcaption><\/figure><figure class='gallery-item'>\n\t\t\t<div class='gallery-icon landscape'>\n\t\t\t\t<a data-elementor-open-lightbox=\"yes\" data-elementor-lightbox-slideshow=\"ab6cae6\" data-elementor-lightbox-title=\"EIFA Un groupe de huit gar\u00e7ons en tenue de sport, certains avec des dossards, posent ensemble \u00e0 l&#039;ext\u00e9rieur par une journ\u00e9e ensoleill\u00e9e pendant la Journ\u00e9e mondiale de l&#039;alimentation. Des b\u00e2timents et d&#039;autres personnes sont visibles \u00e0 l&#039;arri\u00e8re-plan.\" data-elementor-lightbox-description=\"EIFA Un groupe de huit gar\u00e7ons en tenue de sport, certains avec des dossards, posent ensemble \u00e0 l&#039;ext\u00e9rieur par une journ\u00e9e ensoleill\u00e9e pendant la Journ\u00e9e mondiale de l&#039;alimentation. Des b\u00e2timents et d&#039;autres personnes sont visibles \u00e0 l&#039;arri\u00e8re-plan.\" data-e-action-hash=\"#elementor-action%3Aaction%3Dlightbox%26settings%3DeyJpZCI6MjEyOTYsInVybCI6Imh0dHBzOlwvXC93d3cuZWlmYXNjaG9vbC5jb21cL3dwLWNvbnRlbnRcL3VwbG9hZHNcL01hcmF0aG9uLTEuanBnIiwic2xpZGVzaG93IjoiYWI2Y2FlNiJ9\" href='https:\/\/www.eifaschool.com\/wp-content\/uploads\/Marathon-1.jpg'><img loading=\"lazy\" decoding=\"async\" width=\"640\" height=\"640\" src=\"https:\/\/www.eifaschool.com\/wp-content\/uploads\/Marathon-1-768x768.jpg\" class=\"attachment-medium_large size-medium_large\" alt=\"EIFA Un groupe de huit gar\u00e7ons en tenue de sport, certains avec des dossards, posent ensemble \u00e0 l&#039;ext\u00e9rieur par une journ\u00e9e ensoleill\u00e9e pendant la Journ\u00e9e mondiale de l&#039;alimentation. Des b\u00e2timents et d&#039;autres personnes sont visibles \u00e0 l&#039;arri\u00e8re-plan.\" aria-describedby=\"gallery-1-21296\" srcset=\"https:\/\/www.eifaschool.com\/wp-content\/uploads\/Marathon-1-768x768.jpg 768w, https:\/\/www.eifaschool.com\/wp-content\/uploads\/Marathon-1-300x300.jpg 300w, https:\/\/www.eifaschool.com\/wp-content\/uploads\/Marathon-1-1024x1024.jpg 1024w, https:\/\/www.eifaschool.com\/wp-content\/uploads\/Marathon-1-150x150.jpg 150w, https:\/\/www.eifaschool.com\/wp-content\/uploads\/Marathon-1.jpg 1080w\" sizes=\"(max-width: 640px) 100vw, 640px\" \/><\/a>\n\t\t\t<\/div>\n\t\t\t\t<figcaption class='wp-caption-text gallery-caption' id='gallery-1-21296'>\n\t\t\t\tEIFA Un groupe de huit gar\u00e7ons en tenue de sport, certains avec des dossards, posent ensemble \u00e0 l&rsquo;ext\u00e9rieur par une journ\u00e9e ensoleill\u00e9e pendant la Journ\u00e9e mondiale de l&rsquo;alimentation. Des b\u00e2timents et d&rsquo;autres personnes sont visibles \u00e0 l&rsquo;arri\u00e8re-plan.\n\t\t\t\t<\/figcaption><\/figure><figure class='gallery-item'>\n\t\t\t<div class='gallery-icon landscape'>\n\t\t\t\t<a data-elementor-open-lightbox=\"yes\" data-elementor-lightbox-slideshow=\"ab6cae6\" data-elementor-lightbox-title=\"EIFA Un jeune gar\u00e7on en tenue de sport blanche court et sourit \u00e0 la cam\u00e9ra en faisant un geste de la main lors d&#039;une course pour la Journ\u00e9e mondiale de l&#039;alimentation. D&#039;autres coureurs et spectateurs sont visibles \u00e0 l&#039;arri\u00e8re-plan par une journ\u00e9e ensoleill\u00e9e.\" data-elementor-lightbox-description=\"EIFA Un jeune gar\u00e7on en tenue de sport blanche court et sourit \u00e0 la cam\u00e9ra en faisant un geste de la main lors d&#039;une course pour la Journ\u00e9e mondiale de l&#039;alimentation. D&#039;autres coureurs et spectateurs sont visibles \u00e0 l&#039;arri\u00e8re-plan par une journ\u00e9e ensoleill\u00e9e.\" data-e-action-hash=\"#elementor-action%3Aaction%3Dlightbox%26settings%3DeyJpZCI6MjEyOTQsInVybCI6Imh0dHBzOlwvXC93d3cuZWlmYXNjaG9vbC5jb21cL3dwLWNvbnRlbnRcL3VwbG9hZHNcL01hcmF0aG9uLTYuanBnIiwic2xpZGVzaG93IjoiYWI2Y2FlNiJ9\" href='https:\/\/www.eifaschool.com\/wp-content\/uploads\/Marathon-6.jpg'><img loading=\"lazy\" decoding=\"async\" width=\"640\" height=\"640\" src=\"https:\/\/www.eifaschool.com\/wp-content\/uploads\/Marathon-6-768x768.jpg\" class=\"attachment-medium_large size-medium_large\" alt=\"EIFA Un jeune gar\u00e7on en tenue de sport blanche court et sourit \u00e0 la cam\u00e9ra en faisant un geste de la main lors d&#039;une course pour la Journ\u00e9e mondiale de l&#039;alimentation. D&#039;autres coureurs et spectateurs sont visibles \u00e0 l&#039;arri\u00e8re-plan par une journ\u00e9e ensoleill\u00e9e.\" aria-describedby=\"gallery-1-21294\" srcset=\"https:\/\/www.eifaschool.com\/wp-content\/uploads\/Marathon-6-768x768.jpg 768w, https:\/\/www.eifaschool.com\/wp-content\/uploads\/Marathon-6-300x300.jpg 300w, https:\/\/www.eifaschool.com\/wp-content\/uploads\/Marathon-6-1024x1024.jpg 1024w, https:\/\/www.eifaschool.com\/wp-content\/uploads\/Marathon-6-150x150.jpg 150w, https:\/\/www.eifaschool.com\/wp-content\/uploads\/Marathon-6.jpg 1080w\" sizes=\"(max-width: 640px) 100vw, 640px\" \/><\/a>\n\t\t\t<\/div>\n\t\t\t\t<figcaption class='wp-caption-text gallery-caption' id='gallery-1-21294'>\n\t\t\t\tEIFA Un jeune gar\u00e7on en tenue de sport blanche court et sourit \u00e0 la cam\u00e9ra en faisant un geste de la main lors d&rsquo;une course pour la Journ\u00e9e mondiale de l&rsquo;alimentation. D&rsquo;autres coureurs et spectateurs sont visibles \u00e0 l&rsquo;arri\u00e8re-plan par une journ\u00e9e ensoleill\u00e9e.\n\t\t\t\t<\/figcaption><\/figure><figure class='gallery-item'>\n\t\t\t<div class='gallery-icon landscape'>\n\t\t\t\t<a data-elementor-open-lightbox=\"yes\" data-elementor-lightbox-slideshow=\"ab6cae6\" data-elementor-lightbox-title=\"EIFA Un groupe d&#039;enfants et d&#039;adultes pose \u00e0 l&#039;ext\u00e9rieur d&#039;un b\u00e2timent, souriant et tenant des dossards de marathon. Au-dessus d&#039;eux, un panneau MARATHON color\u00e9 et une banni\u00e8re LONDON - 2026 c\u00e9l\u00e8brent le futur marathon de Londres et la Journ\u00e9e mondiale de l&#039;alimentation.\" data-elementor-lightbox-description=\"EIFA Un groupe d&#039;enfants et d&#039;adultes pose \u00e0 l&#039;ext\u00e9rieur d&#039;un b\u00e2timent, souriant et tenant des dossards de marathon. Au-dessus d&#039;eux, un panneau MARATHON color\u00e9 et une banni\u00e8re LONDON - 2026 c\u00e9l\u00e8brent le futur marathon de Londres et la Journ\u00e9e mondiale de l&#039;alimentation.\" data-e-action-hash=\"#elementor-action%3Aaction%3Dlightbox%26settings%3DeyJpZCI6MjEyOTIsInVybCI6Imh0dHBzOlwvXC93d3cuZWlmYXNjaG9vbC5jb21cL3dwLWNvbnRlbnRcL3VwbG9hZHNcL01hcmF0aG9uLTUuanBnIiwic2xpZGVzaG93IjoiYWI2Y2FlNiJ9\" href='https:\/\/www.eifaschool.com\/wp-content\/uploads\/Marathon-5.jpg'><img loading=\"lazy\" decoding=\"async\" width=\"640\" height=\"640\" src=\"https:\/\/www.eifaschool.com\/wp-content\/uploads\/Marathon-5-768x768.jpg\" class=\"attachment-medium_large size-medium_large\" alt=\"EIFA Un groupe d&#039;enfants et d&#039;adultes pose \u00e0 l&#039;ext\u00e9rieur d&#039;un b\u00e2timent, souriant et tenant des dossards de marathon. Au-dessus d&#039;eux, un panneau MARATHON color\u00e9 et une banni\u00e8re LONDON - 2026 c\u00e9l\u00e8brent le futur marathon de Londres et la Journ\u00e9e mondiale de l&#039;alimentation.\" aria-describedby=\"gallery-1-21292\" srcset=\"https:\/\/www.eifaschool.com\/wp-content\/uploads\/Marathon-5-768x768.jpg 768w, https:\/\/www.eifaschool.com\/wp-content\/uploads\/Marathon-5-300x300.jpg 300w, https:\/\/www.eifaschool.com\/wp-content\/uploads\/Marathon-5-1024x1024.jpg 1024w, https:\/\/www.eifaschool.com\/wp-content\/uploads\/Marathon-5-150x150.jpg 150w, https:\/\/www.eifaschool.com\/wp-content\/uploads\/Marathon-5.jpg 1080w\" sizes=\"(max-width: 640px) 100vw, 640px\" \/><\/a>\n\t\t\t<\/div>\n\t\t\t\t<figcaption class='wp-caption-text gallery-caption' id='gallery-1-21292'>\n\t\t\t\tEIFA Un groupe d&rsquo;enfants et d&rsquo;adultes pose \u00e0 l&rsquo;ext\u00e9rieur d&rsquo;un b\u00e2timent, souriant et tenant des dossards de marathon. Au-dessus d&rsquo;eux, un panneau MARATHON color\u00e9 et une banni\u00e8re LONDON &#8211; 2026 c\u00e9l\u00e8brent le futur marathon de Londres et la Journ\u00e9e mondiale de l&rsquo;alimentation.\n\t\t\t\t<\/figcaption><\/figure>\n\t\t<\/div>\n\t\t<\/div>\n\t\t\t\t\t\t<\/div>\n\t\t\t\t<\/div>\n\t\t\t\t\t<\/div>\n\t\t\t\t<\/div>\n\t\t\t\t<\/div>\n\t\t","protected":false},"excerpt":{"rendered":"<p>25 \u00e9l\u00e8ves de l&rsquo;EIFA, accompagn\u00e9s de leurs familles, ont particip\u00e9 \u00e0 la TCS Mini London Marathon ce samedi 25 avril \ud83d\udc5f <\/p>\n","protected":false},"author":3,"featured_media":21292,"comment_status":"closed","ping_status":"open","sticky":false,"template":"","format":"standard","meta":{"footnotes":""},"categories":[67],"tags":[],"class_list":["post-21290","post","type-post","status-publish","format-standard","has-post-thumbnail","hentry","category-news-fr"],"yoast_head":"<!-- This site is optimized with the Yoast SEO Premium plugin v25.8 (Yoast SEO v27.4) - https:\/\/yoast.com\/product\/yoast-seo-premium-wordpress\/ -->\n<title>TCS Mini Londres Marathon - EIFA International School (EIFA)<\/title>\n<meta name=\"description\" content=\"25 \u00e9l\u00e8ves de l&#039;EIFA, accompagn\u00e9s de leurs familles, ont particip\u00e9 \u00e0 la TCS Mini London Marathon ce samedi 25 avril \ud83d\udc5f\" \/>\n<meta name=\"robots\" content=\"index, follow, max-snippet:-1, max-image-preview:large, max-video-preview:-1\" \/>\n<link rel=\"canonical\" href=\"https:\/\/www.eifaschool.com\/fr\/tcs-mini-londres-marathon\/\" \/>\n<meta property=\"og:locale\" content=\"fr_FR\" \/>\n<meta property=\"og:type\" content=\"article\" \/>\n<meta property=\"og:title\" content=\"TCS Mini Londres Marathon\" \/>\n<meta property=\"og:description\" content=\"C\u2019est la rentr\u00e9e \u00e0 l\u2019EIFA. L\u2019\u00e9cole a repris vie aujourd\u2019hui dans les \u00e9clats de rire, les cahiers tout neufs et les retrouvailles entre amis apr\u00e8s les vacances. Place aux nouveaux projets, aux d\u00e9couvertes et \u00e0 un trimestre plein d\u2019\u00e9nergie.\" \/>\n<meta property=\"og:url\" content=\"https:\/\/www.eifaschool.com\/fr\/tcs-mini-londres-marathon\/\" \/>\n<meta property=\"og:site_name\" content=\"EIFA International School (EIFA)\" \/>\n<meta property=\"article:publisher\" content=\"https:\/\/www.facebook.com\/eifainternationalschoollondon\" \/>\n<meta property=\"article:published_time\" content=\"2026-04-28T09:30:55+00:00\" \/>\n<meta property=\"article:modified_time\" content=\"2026-04-28T09:37:18+00:00\" \/>\n<meta property=\"og:image\" content=\"https:\/\/www.eifaschool.com\/wp-content\/uploads\/Marathon-5.jpg\" \/>\n\t<meta property=\"og:image:width\" content=\"1080\" \/>\n\t<meta property=\"og:image:height\" content=\"1080\" \/>\n\t<meta property=\"og:image:type\" content=\"image\/jpeg\" \/>\n<meta name=\"author\" content=\"Thomas Kadri\" \/>\n<meta name=\"twitter:card\" content=\"summary_large_image\" \/>\n<meta name=\"twitter:label1\" content=\"\u00c9crit par\" \/>\n\t<meta name=\"twitter:data1\" content=\"Thomas Kadri\" \/>\n\t<meta name=\"twitter:label2\" content=\"Dur\u00e9e de lecture estim\u00e9e\" \/>\n\t<meta name=\"twitter:data2\" content=\"3 minutes\" \/>\n<script type=\"application\/ld+json\" class=\"yoast-schema-graph\">{\"@context\":\"https:\\\/\\\/schema.org\",\"@graph\":[{\"@type\":\"Article\",\"@id\":\"https:\\\/\\\/www.eifaschool.com\\\/fr\\\/tcs-mini-londres-marathon\\\/#article\",\"isPartOf\":{\"@id\":\"https:\\\/\\\/www.eifaschool.com\\\/fr\\\/tcs-mini-londres-marathon\\\/\"},\"author\":{\"name\":\"Thomas Kadri\",\"@id\":\"https:\\\/\\\/www.eifaschool.com\\\/fr\\\/#\\\/schema\\\/person\\\/db8afbc0c66dd2490511ff9376a6dac9\"},\"headline\":\"TCS Mini Londres Marathon\",\"datePublished\":\"2026-04-28T09:30:55+00:00\",\"dateModified\":\"2026-04-28T09:37:18+00:00\",\"mainEntityOfPage\":{\"@id\":\"https:\\\/\\\/www.eifaschool.com\\\/fr\\\/tcs-mini-londres-marathon\\\/\"},\"wordCount\":395,\"publisher\":{\"@id\":\"https:\\\/\\\/www.eifaschool.com\\\/fr\\\/#organization\"},\"image\":{\"@id\":\"https:\\\/\\\/www.eifaschool.com\\\/fr\\\/tcs-mini-londres-marathon\\\/#primaryimage\"},\"thumbnailUrl\":\"https:\\\/\\\/www.eifaschool.com\\\/wp-content\\\/uploads\\\/Marathon-5.jpg\",\"articleSection\":[\"News\"],\"inLanguage\":\"fr-FR\"},{\"@type\":\"WebPage\",\"@id\":\"https:\\\/\\\/www.eifaschool.com\\\/fr\\\/tcs-mini-londres-marathon\\\/\",\"url\":\"https:\\\/\\\/www.eifaschool.com\\\/fr\\\/tcs-mini-londres-marathon\\\/\",\"name\":\"TCS Mini Londres Marathon - EIFA International School (EIFA)\",\"isPartOf\":{\"@id\":\"https:\\\/\\\/www.eifaschool.com\\\/fr\\\/#website\"},\"primaryImageOfPage\":{\"@id\":\"https:\\\/\\\/www.eifaschool.com\\\/fr\\\/tcs-mini-londres-marathon\\\/#primaryimage\"},\"image\":{\"@id\":\"https:\\\/\\\/www.eifaschool.com\\\/fr\\\/tcs-mini-londres-marathon\\\/#primaryimage\"},\"thumbnailUrl\":\"https:\\\/\\\/www.eifaschool.com\\\/wp-content\\\/uploads\\\/Marathon-5.jpg\",\"datePublished\":\"2026-04-28T09:30:55+00:00\",\"dateModified\":\"2026-04-28T09:37:18+00:00\",\"description\":\"25 \u00e9l\u00e8ves de l'EIFA, accompagn\u00e9s de leurs familles, ont particip\u00e9 \u00e0 la TCS Mini London Marathon ce samedi 25 avril \ud83d\udc5f\",\"breadcrumb\":{\"@id\":\"https:\\\/\\\/www.eifaschool.com\\\/fr\\\/tcs-mini-londres-marathon\\\/#breadcrumb\"},\"inLanguage\":\"fr-FR\",\"potentialAction\":[{\"@type\":\"ReadAction\",\"target\":[\"https:\\\/\\\/www.eifaschool.com\\\/fr\\\/tcs-mini-londres-marathon\\\/\"]}]},{\"@type\":\"ImageObject\",\"inLanguage\":\"fr-FR\",\"@id\":\"https:\\\/\\\/www.eifaschool.com\\\/fr\\\/tcs-mini-londres-marathon\\\/#primaryimage\",\"url\":\"https:\\\/\\\/www.eifaschool.com\\\/wp-content\\\/uploads\\\/Marathon-5.jpg\",\"contentUrl\":\"https:\\\/\\\/www.eifaschool.com\\\/wp-content\\\/uploads\\\/Marathon-5.jpg\",\"width\":1080,\"height\":1080,\"caption\":\"EIFA Un groupe d'enfants et d'adultes pose \u00e0 l'ext\u00e9rieur d'un b\u00e2timent, souriant et tenant des dossards de marathon. Au-dessus d'eux, un panneau MARATHON color\u00e9 et une banni\u00e8re LONDON - 2026 c\u00e9l\u00e8brent le futur marathon de Londres et la Journ\u00e9e mondiale de l'alimentation.\"},{\"@type\":\"BreadcrumbList\",\"@id\":\"https:\\\/\\\/www.eifaschool.com\\\/fr\\\/tcs-mini-londres-marathon\\\/#breadcrumb\",\"itemListElement\":[{\"@type\":\"ListItem\",\"position\":1,\"name\":\"Home\",\"item\":\"https:\\\/\\\/www.eifaschool.com\\\/fr\\\/\"},{\"@type\":\"ListItem\",\"position\":2,\"name\":\"TCS Mini Londres Marathon\"}]},{\"@type\":\"WebSite\",\"@id\":\"https:\\\/\\\/www.eifaschool.com\\\/fr\\\/#website\",\"url\":\"https:\\\/\\\/www.eifaschool.com\\\/fr\\\/\",\"name\":\"EIFA International School (EIFA)\",\"description\":\"A bilingual international school for young citizens of the world\",\"publisher\":{\"@id\":\"https:\\\/\\\/www.eifaschool.com\\\/fr\\\/#organization\"},\"potentialAction\":[{\"@type\":\"SearchAction\",\"target\":{\"@type\":\"EntryPoint\",\"urlTemplate\":\"https:\\\/\\\/www.eifaschool.com\\\/fr\\\/?s={search_term_string}\"},\"query-input\":{\"@type\":\"PropertyValueSpecification\",\"valueRequired\":true,\"valueName\":\"search_term_string\"}}],\"inLanguage\":\"fr-FR\"},{\"@type\":\"Organization\",\"@id\":\"https:\\\/\\\/www.eifaschool.com\\\/fr\\\/#organization\",\"name\":\"EIFA International School (EIFA)\",\"url\":\"https:\\\/\\\/www.eifaschool.com\\\/fr\\\/\",\"logo\":{\"@type\":\"ImageObject\",\"inLanguage\":\"fr-FR\",\"@id\":\"https:\\\/\\\/www.eifaschool.com\\\/fr\\\/#\\\/schema\\\/logo\\\/image\\\/\",\"url\":\"https:\\\/\\\/www.eifaschool.com\\\/wp-content\\\/uploads\\\/2024\\\/05\\\/eifa_logo_white.png\",\"contentUrl\":\"https:\\\/\\\/www.eifaschool.com\\\/wp-content\\\/uploads\\\/2024\\\/05\\\/eifa_logo_white.png\",\"width\":500,\"height\":231,\"caption\":\"EIFA International School (EIFA)\"},\"image\":{\"@id\":\"https:\\\/\\\/www.eifaschool.com\\\/fr\\\/#\\\/schema\\\/logo\\\/image\\\/\"},\"sameAs\":[\"https:\\\/\\\/www.facebook.com\\\/eifainternationalschoollondon\",\"https:\\\/\\\/www.instagram.com\\\/eifainternationalschool\",\"https:\\\/\\\/www.youtube.com\\\/channel\\\/UCZ7MJ5WK69Dpi8spXepJv2Q\",\"https:\\\/\\\/www.linkedin.com\\\/company\\\/eifa-international-school\\\/\"]},{\"@type\":\"Person\",\"@id\":\"https:\\\/\\\/www.eifaschool.com\\\/fr\\\/#\\\/schema\\\/person\\\/db8afbc0c66dd2490511ff9376a6dac9\",\"name\":\"Thomas Kadri\",\"image\":{\"@type\":\"ImageObject\",\"inLanguage\":\"fr-FR\",\"@id\":\"https:\\\/\\\/secure.gravatar.com\\\/avatar\\\/c77470483cf02a47048b571cf698fdcd0fed33b87c8b506923412c1949b72127?s=96&d=mm&r=g\",\"url\":\"https:\\\/\\\/secure.gravatar.com\\\/avatar\\\/c77470483cf02a47048b571cf698fdcd0fed33b87c8b506923412c1949b72127?s=96&d=mm&r=g\",\"contentUrl\":\"https:\\\/\\\/secure.gravatar.com\\\/avatar\\\/c77470483cf02a47048b571cf698fdcd0fed33b87c8b506923412c1949b72127?s=96&d=mm&r=g\",\"caption\":\"Thomas Kadri\"}}]}<\/script>\n<!-- \/ Yoast SEO Premium plugin. -->","yoast_head_json":{"title":"TCS Mini Londres Marathon - EIFA International School (EIFA)","description":"25 \u00e9l\u00e8ves de l'EIFA, accompagn\u00e9s de leurs familles, ont particip\u00e9 \u00e0 la TCS Mini London Marathon ce samedi 25 avril \ud83d\udc5f","robots":{"index":"index","follow":"follow","max-snippet":"max-snippet:-1","max-image-preview":"max-image-preview:large","max-video-preview":"max-video-preview:-1"},"canonical":"https:\/\/www.eifaschool.com\/fr\/tcs-mini-londres-marathon\/","og_locale":"fr_FR","og_type":"article","og_title":"TCS Mini Londres Marathon","og_description":"C\u2019est la rentr\u00e9e \u00e0 l\u2019EIFA. L\u2019\u00e9cole a repris vie aujourd\u2019hui dans les \u00e9clats de rire, les cahiers tout neufs et les retrouvailles entre amis apr\u00e8s les vacances. Place aux nouveaux projets, aux d\u00e9couvertes et \u00e0 un trimestre plein d\u2019\u00e9nergie.","og_url":"https:\/\/www.eifaschool.com\/fr\/tcs-mini-londres-marathon\/","og_site_name":"EIFA International School (EIFA)","article_publisher":"https:\/\/www.facebook.com\/eifainternationalschoollondon","article_published_time":"2026-04-28T09:30:55+00:00","article_modified_time":"2026-04-28T09:37:18+00:00","og_image":[{"width":1080,"height":1080,"url":"https:\/\/www.eifaschool.com\/wp-content\/uploads\/Marathon-5.jpg","type":"image\/jpeg"}],"author":"Thomas Kadri","twitter_card":"summary_large_image","twitter_misc":{"\u00c9crit par":"Thomas Kadri","Dur\u00e9e de lecture estim\u00e9e":"3 minutes"},"schema":{"@context":"https:\/\/schema.org","@graph":[{"@type":"Article","@id":"https:\/\/www.eifaschool.com\/fr\/tcs-mini-londres-marathon\/#article","isPartOf":{"@id":"https:\/\/www.eifaschool.com\/fr\/tcs-mini-londres-marathon\/"},"author":{"name":"Thomas Kadri","@id":"https:\/\/www.eifaschool.com\/fr\/#\/schema\/person\/db8afbc0c66dd2490511ff9376a6dac9"},"headline":"TCS Mini Londres Marathon","datePublished":"2026-04-28T09:30:55+00:00","dateModified":"2026-04-28T09:37:18+00:00","mainEntityOfPage":{"@id":"https:\/\/www.eifaschool.com\/fr\/tcs-mini-londres-marathon\/"},"wordCount":395,"publisher":{"@id":"https:\/\/www.eifaschool.com\/fr\/#organization"},"image":{"@id":"https:\/\/www.eifaschool.com\/fr\/tcs-mini-londres-marathon\/#primaryimage"},"thumbnailUrl":"https:\/\/www.eifaschool.com\/wp-content\/uploads\/Marathon-5.jpg","articleSection":["News"],"inLanguage":"fr-FR"},{"@type":"WebPage","@id":"https:\/\/www.eifaschool.com\/fr\/tcs-mini-londres-marathon\/","url":"https:\/\/www.eifaschool.com\/fr\/tcs-mini-londres-marathon\/","name":"TCS Mini Londres Marathon - EIFA International School (EIFA)","isPartOf":{"@id":"https:\/\/www.eifaschool.com\/fr\/#website"},"primaryImageOfPage":{"@id":"https:\/\/www.eifaschool.com\/fr\/tcs-mini-londres-marathon\/#primaryimage"},"image":{"@id":"https:\/\/www.eifaschool.com\/fr\/tcs-mini-londres-marathon\/#primaryimage"},"thumbnailUrl":"https:\/\/www.eifaschool.com\/wp-content\/uploads\/Marathon-5.jpg","datePublished":"2026-04-28T09:30:55+00:00","dateModified":"2026-04-28T09:37:18+00:00","description":"25 \u00e9l\u00e8ves de l'EIFA, accompagn\u00e9s de leurs familles, ont particip\u00e9 \u00e0 la TCS Mini London Marathon ce samedi 25 avril \ud83d\udc5f","breadcrumb":{"@id":"https:\/\/www.eifaschool.com\/fr\/tcs-mini-londres-marathon\/#breadcrumb"},"inLanguage":"fr-FR","potentialAction":[{"@type":"ReadAction","target":["https:\/\/www.eifaschool.com\/fr\/tcs-mini-londres-marathon\/"]}]},{"@type":"ImageObject","inLanguage":"fr-FR","@id":"https:\/\/www.eifaschool.com\/fr\/tcs-mini-londres-marathon\/#primaryimage","url":"https:\/\/www.eifaschool.com\/wp-content\/uploads\/Marathon-5.jpg","contentUrl":"https:\/\/www.eifaschool.com\/wp-content\/uploads\/Marathon-5.jpg","width":1080,"height":1080,"caption":"EIFA Un groupe d'enfants et d'adultes pose \u00e0 l'ext\u00e9rieur d'un b\u00e2timent, souriant et tenant des dossards de marathon. Au-dessus d'eux, un panneau MARATHON color\u00e9 et une banni\u00e8re LONDON - 2026 c\u00e9l\u00e8brent le futur marathon de Londres et la Journ\u00e9e mondiale de l'alimentation."},{"@type":"BreadcrumbList","@id":"https:\/\/www.eifaschool.com\/fr\/tcs-mini-londres-marathon\/#breadcrumb","itemListElement":[{"@type":"ListItem","position":1,"name":"Home","item":"https:\/\/www.eifaschool.com\/fr\/"},{"@type":"ListItem","position":2,"name":"TCS Mini Londres Marathon"}]},{"@type":"WebSite","@id":"https:\/\/www.eifaschool.com\/fr\/#website","url":"https:\/\/www.eifaschool.com\/fr\/","name":"EIFA International School (EIFA)","description":"A bilingual international school for young citizens of the world","publisher":{"@id":"https:\/\/www.eifaschool.com\/fr\/#organization"},"potentialAction":[{"@type":"SearchAction","target":{"@type":"EntryPoint","urlTemplate":"https:\/\/www.eifaschool.com\/fr\/?s={search_term_string}"},"query-input":{"@type":"PropertyValueSpecification","valueRequired":true,"valueName":"search_term_string"}}],"inLanguage":"fr-FR"},{"@type":"Organization","@id":"https:\/\/www.eifaschool.com\/fr\/#organization","name":"EIFA International School (EIFA)","url":"https:\/\/www.eifaschool.com\/fr\/","logo":{"@type":"ImageObject","inLanguage":"fr-FR","@id":"https:\/\/www.eifaschool.com\/fr\/#\/schema\/logo\/image\/","url":"https:\/\/www.eifaschool.com\/wp-content\/uploads\/2024\/05\/eifa_logo_white.png","contentUrl":"https:\/\/www.eifaschool.com\/wp-content\/uploads\/2024\/05\/eifa_logo_white.png","width":500,"height":231,"caption":"EIFA International School (EIFA)"},"image":{"@id":"https:\/\/www.eifaschool.com\/fr\/#\/schema\/logo\/image\/"},"sameAs":["https:\/\/www.facebook.com\/eifainternationalschoollondon","https:\/\/www.instagram.com\/eifainternationalschool","https:\/\/www.youtube.com\/channel\/UCZ7MJ5WK69Dpi8spXepJv2Q","https:\/\/www.linkedin.com\/company\/eifa-international-school\/"]},{"@type":"Person","@id":"https:\/\/www.eifaschool.com\/fr\/#\/schema\/person\/db8afbc0c66dd2490511ff9376a6dac9","name":"Thomas Kadri","image":{"@type":"ImageObject","inLanguage":"fr-FR","@id":"https:\/\/secure.gravatar.com\/avatar\/c77470483cf02a47048b571cf698fdcd0fed33b87c8b506923412c1949b72127?s=96&d=mm&r=g","url":"https:\/\/secure.gravatar.com\/avatar\/c77470483cf02a47048b571cf698fdcd0fed33b87c8b506923412c1949b72127?s=96&d=mm&r=g","contentUrl":"https:\/\/secure.gravatar.com\/avatar\/c77470483cf02a47048b571cf698fdcd0fed33b87c8b506923412c1949b72127?s=96&d=mm&r=g","caption":"Thomas Kadri"}}]}},"_links":{"self":[{"href":"https:\/\/www.eifaschool.com\/fr\/wp-json\/wp\/v2\/posts\/21290","targetHints":{"allow":["GET"]}}],"collection":[{"href":"https:\/\/www.eifaschool.com\/fr\/wp-json\/wp\/v2\/posts"}],"about":[{"href":"https:\/\/www.eifaschool.com\/fr\/wp-json\/wp\/v2\/types\/post"}],"author":[{"embeddable":true,"href":"https:\/\/www.eifaschool.com\/fr\/wp-json\/wp\/v2\/users\/3"}],"replies":[{"embeddable":true,"href":"https:\/\/www.eifaschool.com\/fr\/wp-json\/wp\/v2\/comments?post=21290"}],"version-history":[{"count":5,"href":"https:\/\/www.eifaschool.com\/fr\/wp-json\/wp\/v2\/posts\/21290\/revisions"}],"predecessor-version":[{"id":21312,"href":"https:\/\/www.eifaschool.com\/fr\/wp-json\/wp\/v2\/posts\/21290\/revisions\/21312"}],"wp:featuredmedia":[{"embeddable":true,"href":"https:\/\/www.eifaschool.com\/fr\/wp-json\/wp\/v2\/media\/21292"}],"wp:attachment":[{"href":"https:\/\/www.eifaschool.com\/fr\/wp-json\/wp\/v2\/media?parent=21290"}],"wp:term":[{"taxonomy":"category","embeddable":true,"href":"https:\/\/www.eifaschool.com\/fr\/wp-json\/wp\/v2\/categories?post=21290"},{"taxonomy":"post_tag","embeddable":true,"href":"https:\/\/www.eifaschool.com\/fr\/wp-json\/wp\/v2\/tags?post=21290"}],"curies":[{"name":"wp","href":"https:\/\/api.w.org\/{rel}","templated":true}]}}