{"id":21267,"date":"2026-04-28T08:36:08","date_gmt":"2026-04-28T08:36:08","guid":{"rendered":"https:\/\/www.eifaschool.com\/?p=21267"},"modified":"2026-04-28T08:45:27","modified_gmt":"2026-04-28T08:45:27","slug":"voyage-de-ski-annuel","status":"publish","type":"post","link":"https:\/\/www.eifaschool.com\/fr\/voyage-de-ski-annuel\/","title":{"rendered":"Voyage de Ski Annuel"},"content":{"rendered":"\t\t<div data-elementor-type=\"wp-post\" data-elementor-id=\"21267\" class=\"elementor elementor-21267 elementor-21266\" data-elementor-post-type=\"post\">\n\t\t\t\t<div class=\"elementor-element elementor-element-aa8bf13 e-flex e-con-boxed e-con e-parent\" data-id=\"aa8bf13\" data-element_type=\"container\">\n\t\t\t\t\t<div class=\"e-con-inner\">\n\t\t\t\t<div class=\"elementor-element elementor-element-8242f67 elementor-widget elementor-widget-text-editor\" data-id=\"8242f67\" data-element_type=\"widget\" data-widget_type=\"text-editor.default\">\n\t\t\t\t<div class=\"elementor-widget-container\">\n\t\t\t\t\t\t\t\t\t<p>Notre voyage de ski annuel \u00e0 St. Moritz pendant les vacances de printemps (Spring Half-Term) est toujours un moment fort de l\u2019ann\u00e9e \u2744\ufe0f\u26f7\ufe0f\ud83c\udde8\ud83c\udded<br \/><br \/>Des d\u00e9butants trouvant leur \u00e9quilibre aux skieurs confirm\u00e9s d\u00e9valant les pistes, chaque \u00e9l\u00e8ve s\u2019est d\u00e9pass\u00e9, s\u2019est soutenu et a pleinement profit\u00e9 de chaque instant \ud83d\udc99<br \/><br \/>Une semaine de progression, de rires et de souvenirs inoubliables sur et en dehors des pistes \ud83d\ude4c<\/p>\t\t\t\t\t\t\t\t<\/div>\n\t\t\t\t<\/div>\n\t\t\t\t\t<\/div>\n\t\t\t\t<\/div>\n\t\t<div class=\"elementor-element elementor-element-bd2cd77 e-flex e-con-boxed e-con e-parent\" data-id=\"bd2cd77\" data-element_type=\"container\">\n\t\t\t\t\t<div class=\"e-con-inner\">\n\t\t\t\t<div class=\"elementor-element elementor-element-41bf618 elementor-widget__width-initial elementor-widget elementor-widget-video\" data-id=\"41bf618\" data-element_type=\"widget\" data-settings=\"{&quot;video_type&quot;:&quot;hosted&quot;,&quot;mute&quot;:&quot;yes&quot;,&quot;controls&quot;:&quot;yes&quot;}\" data-widget_type=\"video.default\">\n\t\t\t\t<div class=\"elementor-widget-container\">\n\t\t\t\t\t\t\t<div class=\"e-hosted-video elementor-wrapper elementor-open-inline\">\n\t\t\t\t\t<video class=\"elementor-video\" src=\"https:\/\/www.eifaschool.com\/wp-content\/uploads\/Ski.mp4\" controls=\"\" preload=\"metadata\" muted=\"muted\" controlsList=\"nodownload\"><\/video>\n\t\t\t\t<\/div>\n\t\t\t\t\t\t<\/div>\n\t\t\t\t<\/div>\n\t\t\t\t\t<\/div>\n\t\t\t\t<\/div>\n\t\t\t\t<\/div>\n\t\t","protected":false},"excerpt":{"rendered":"<p>Notre voyage de ski annuel \u00e0 St. Moritz pendant les vacances de printemps (Spring Half-Term) est toujours un moment fort de l\u2019ann\u00e9e \u2744\ufe0f\u26f7\ufe0f\ud83c\udde8\ud83c\udded<\/p>\n","protected":false},"author":3,"featured_media":21269,"comment_status":"closed","ping_status":"open","sticky":false,"template":"","format":"standard","meta":{"footnotes":""},"categories":[67],"tags":[],"class_list":["post-21267","post","type-post","status-publish","format-standard","has-post-thumbnail","hentry","category-news-fr"],"yoast_head":"<!-- This site is optimized with the Yoast SEO Premium plugin v25.8 (Yoast SEO v27.4) - https:\/\/yoast.com\/product\/yoast-seo-premium-wordpress\/ -->\n<title>Voyage de Ski Annuel - EIFA International School (EIFA)<\/title>\n<meta name=\"description\" content=\"Notre voyage de ski annuel \u00e0 St. Moritz pendant les vacances de printemps (Spring Half-Term) est toujours un moment fort de l\u2019ann\u00e9e \u2744\ufe0f\u26f7\ufe0f\ud83c\udde8\ud83c\udded\" \/>\n<meta name=\"robots\" content=\"index, follow, max-snippet:-1, max-image-preview:large, max-video-preview:-1\" \/>\n<link rel=\"canonical\" href=\"https:\/\/www.eifaschool.com\/fr\/voyage-de-ski-annuel\/\" \/>\n<meta property=\"og:locale\" content=\"fr_FR\" \/>\n<meta property=\"og:type\" content=\"article\" \/>\n<meta property=\"og:title\" content=\"Voyage de Ski Annuel\" \/>\n<meta property=\"og:description\" content=\"C\u2019est la rentr\u00e9e \u00e0 l\u2019EIFA. L\u2019\u00e9cole a repris vie aujourd\u2019hui dans les \u00e9clats de rire, les cahiers tout neufs et les retrouvailles entre amis apr\u00e8s les vacances. Place aux nouveaux projets, aux d\u00e9couvertes et \u00e0 un trimestre plein d\u2019\u00e9nergie.\" \/>\n<meta property=\"og:url\" content=\"https:\/\/www.eifaschool.com\/fr\/voyage-de-ski-annuel\/\" \/>\n<meta property=\"og:site_name\" content=\"EIFA International School (EIFA)\" \/>\n<meta property=\"article:publisher\" content=\"https:\/\/www.facebook.com\/eifainternationalschoollondon\" \/>\n<meta property=\"article:published_time\" content=\"2026-04-28T08:36:08+00:00\" \/>\n<meta property=\"article:modified_time\" content=\"2026-04-28T08:45:27+00:00\" \/>\n<meta property=\"og:image\" content=\"https:\/\/www.eifaschool.com\/wp-content\/uploads\/SKiTrip.jpg\" \/>\n\t<meta property=\"og:image:width\" content=\"1500\" \/>\n\t<meta property=\"og:image:height\" content=\"1009\" \/>\n\t<meta property=\"og:image:type\" content=\"image\/jpeg\" \/>\n<meta name=\"author\" content=\"Thomas Kadri\" \/>\n<meta name=\"twitter:card\" content=\"summary_large_image\" \/>\n<meta name=\"twitter:label1\" content=\"\u00c9crit par\" \/>\n\t<meta name=\"twitter:data1\" content=\"Thomas Kadri\" \/>\n\t<meta name=\"twitter:label2\" content=\"Dur\u00e9e de lecture estim\u00e9e\" \/>\n\t<meta name=\"twitter:data2\" content=\"1 minute\" \/>\n<script type=\"application\/ld+json\" class=\"yoast-schema-graph\">{\"@context\":\"https:\\\/\\\/schema.org\",\"@graph\":[{\"@type\":\"Article\",\"@id\":\"https:\\\/\\\/www.eifaschool.com\\\/fr\\\/voyage-de-ski-annuel\\\/#article\",\"isPartOf\":{\"@id\":\"https:\\\/\\\/www.eifaschool.com\\\/fr\\\/voyage-de-ski-annuel\\\/\"},\"author\":{\"name\":\"Thomas Kadri\",\"@id\":\"https:\\\/\\\/www.eifaschool.com\\\/fr\\\/#\\\/schema\\\/person\\\/db8afbc0c66dd2490511ff9376a6dac9\"},\"headline\":\"Voyage de Ski Annuel\",\"datePublished\":\"2026-04-28T08:36:08+00:00\",\"dateModified\":\"2026-04-28T08:45:27+00:00\",\"mainEntityOfPage\":{\"@id\":\"https:\\\/\\\/www.eifaschool.com\\\/fr\\\/voyage-de-ski-annuel\\\/\"},\"wordCount\":82,\"publisher\":{\"@id\":\"https:\\\/\\\/www.eifaschool.com\\\/fr\\\/#organization\"},\"image\":{\"@id\":\"https:\\\/\\\/www.eifaschool.com\\\/fr\\\/voyage-de-ski-annuel\\\/#primaryimage\"},\"thumbnailUrl\":\"https:\\\/\\\/www.eifaschool.com\\\/wp-content\\\/uploads\\\/SKiTrip.jpg\",\"articleSection\":[\"News\"],\"inLanguage\":\"fr-FR\"},{\"@type\":\"WebPage\",\"@id\":\"https:\\\/\\\/www.eifaschool.com\\\/fr\\\/voyage-de-ski-annuel\\\/\",\"url\":\"https:\\\/\\\/www.eifaschool.com\\\/fr\\\/voyage-de-ski-annuel\\\/\",\"name\":\"Voyage de Ski Annuel - EIFA International School (EIFA)\",\"isPartOf\":{\"@id\":\"https:\\\/\\\/www.eifaschool.com\\\/fr\\\/#website\"},\"primaryImageOfPage\":{\"@id\":\"https:\\\/\\\/www.eifaschool.com\\\/fr\\\/voyage-de-ski-annuel\\\/#primaryimage\"},\"image\":{\"@id\":\"https:\\\/\\\/www.eifaschool.com\\\/fr\\\/voyage-de-ski-annuel\\\/#primaryimage\"},\"thumbnailUrl\":\"https:\\\/\\\/www.eifaschool.com\\\/wp-content\\\/uploads\\\/SKiTrip.jpg\",\"datePublished\":\"2026-04-28T08:36:08+00:00\",\"dateModified\":\"2026-04-28T08:45:27+00:00\",\"description\":\"Notre voyage de ski annuel \u00e0 St. Moritz pendant les vacances de printemps (Spring Half-Term) est toujours un moment fort de l\u2019ann\u00e9e \u2744\ufe0f\u26f7\ufe0f\ud83c\udde8\ud83c\udded\",\"breadcrumb\":{\"@id\":\"https:\\\/\\\/www.eifaschool.com\\\/fr\\\/voyage-de-ski-annuel\\\/#breadcrumb\"},\"inLanguage\":\"fr-FR\",\"potentialAction\":[{\"@type\":\"ReadAction\",\"target\":[\"https:\\\/\\\/www.eifaschool.com\\\/fr\\\/voyage-de-ski-annuel\\\/\"]}]},{\"@type\":\"ImageObject\",\"inLanguage\":\"fr-FR\",\"@id\":\"https:\\\/\\\/www.eifaschool.com\\\/fr\\\/voyage-de-ski-annuel\\\/#primaryimage\",\"url\":\"https:\\\/\\\/www.eifaschool.com\\\/wp-content\\\/uploads\\\/SKiTrip.jpg\",\"contentUrl\":\"https:\\\/\\\/www.eifaschool.com\\\/wp-content\\\/uploads\\\/SKiTrip.jpg\",\"width\":1500,\"height\":1009,\"caption\":\"EIFA Un groupe de personnes en tenue de ski se tient sur un belv\u00e9d\u00e8re de montagne enneig\u00e9e avec des skis, c\u00e9l\u00e9brant la Journ\u00e9e mondiale de l'alimentation sur fond de sommets enneig\u00e9s et de ciel bleu clair.\"},{\"@type\":\"BreadcrumbList\",\"@id\":\"https:\\\/\\\/www.eifaschool.com\\\/fr\\\/voyage-de-ski-annuel\\\/#breadcrumb\",\"itemListElement\":[{\"@type\":\"ListItem\",\"position\":1,\"name\":\"Home\",\"item\":\"https:\\\/\\\/www.eifaschool.com\\\/fr\\\/\"},{\"@type\":\"ListItem\",\"position\":2,\"name\":\"Voyage de Ski Annuel\"}]},{\"@type\":\"WebSite\",\"@id\":\"https:\\\/\\\/www.eifaschool.com\\\/fr\\\/#website\",\"url\":\"https:\\\/\\\/www.eifaschool.com\\\/fr\\\/\",\"name\":\"EIFA International School (EIFA)\",\"description\":\"A bilingual international school for young citizens of the world\",\"publisher\":{\"@id\":\"https:\\\/\\\/www.eifaschool.com\\\/fr\\\/#organization\"},\"potentialAction\":[{\"@type\":\"SearchAction\",\"target\":{\"@type\":\"EntryPoint\",\"urlTemplate\":\"https:\\\/\\\/www.eifaschool.com\\\/fr\\\/?s={search_term_string}\"},\"query-input\":{\"@type\":\"PropertyValueSpecification\",\"valueRequired\":true,\"valueName\":\"search_term_string\"}}],\"inLanguage\":\"fr-FR\"},{\"@type\":\"Organization\",\"@id\":\"https:\\\/\\\/www.eifaschool.com\\\/fr\\\/#organization\",\"name\":\"EIFA International School (EIFA)\",\"url\":\"https:\\\/\\\/www.eifaschool.com\\\/fr\\\/\",\"logo\":{\"@type\":\"ImageObject\",\"inLanguage\":\"fr-FR\",\"@id\":\"https:\\\/\\\/www.eifaschool.com\\\/fr\\\/#\\\/schema\\\/logo\\\/image\\\/\",\"url\":\"https:\\\/\\\/www.eifaschool.com\\\/wp-content\\\/uploads\\\/2024\\\/05\\\/eifa_logo_white.png\",\"contentUrl\":\"https:\\\/\\\/www.eifaschool.com\\\/wp-content\\\/uploads\\\/2024\\\/05\\\/eifa_logo_white.png\",\"width\":500,\"height\":231,\"caption\":\"EIFA International School (EIFA)\"},\"image\":{\"@id\":\"https:\\\/\\\/www.eifaschool.com\\\/fr\\\/#\\\/schema\\\/logo\\\/image\\\/\"},\"sameAs\":[\"https:\\\/\\\/www.facebook.com\\\/eifainternationalschoollondon\",\"https:\\\/\\\/www.instagram.com\\\/eifainternationalschool\",\"https:\\\/\\\/www.youtube.com\\\/channel\\\/UCZ7MJ5WK69Dpi8spXepJv2Q\",\"https:\\\/\\\/www.linkedin.com\\\/company\\\/eifa-international-school\\\/\"]},{\"@type\":\"Person\",\"@id\":\"https:\\\/\\\/www.eifaschool.com\\\/fr\\\/#\\\/schema\\\/person\\\/db8afbc0c66dd2490511ff9376a6dac9\",\"name\":\"Thomas Kadri\",\"image\":{\"@type\":\"ImageObject\",\"inLanguage\":\"fr-FR\",\"@id\":\"https:\\\/\\\/secure.gravatar.com\\\/avatar\\\/c77470483cf02a47048b571cf698fdcd0fed33b87c8b506923412c1949b72127?s=96&d=mm&r=g\",\"url\":\"https:\\\/\\\/secure.gravatar.com\\\/avatar\\\/c77470483cf02a47048b571cf698fdcd0fed33b87c8b506923412c1949b72127?s=96&d=mm&r=g\",\"contentUrl\":\"https:\\\/\\\/secure.gravatar.com\\\/avatar\\\/c77470483cf02a47048b571cf698fdcd0fed33b87c8b506923412c1949b72127?s=96&d=mm&r=g\",\"caption\":\"Thomas Kadri\"}}]}<\/script>\n<!-- \/ Yoast SEO Premium plugin. -->","yoast_head_json":{"title":"Voyage de Ski Annuel - EIFA International School (EIFA)","description":"Notre voyage de ski annuel \u00e0 St. Moritz pendant les vacances de printemps (Spring Half-Term) est toujours un moment fort de l\u2019ann\u00e9e \u2744\ufe0f\u26f7\ufe0f\ud83c\udde8\ud83c\udded","robots":{"index":"index","follow":"follow","max-snippet":"max-snippet:-1","max-image-preview":"max-image-preview:large","max-video-preview":"max-video-preview:-1"},"canonical":"https:\/\/www.eifaschool.com\/fr\/voyage-de-ski-annuel\/","og_locale":"fr_FR","og_type":"article","og_title":"Voyage de Ski Annuel","og_description":"C\u2019est la rentr\u00e9e \u00e0 l\u2019EIFA. L\u2019\u00e9cole a repris vie aujourd\u2019hui dans les \u00e9clats de rire, les cahiers tout neufs et les retrouvailles entre amis apr\u00e8s les vacances. Place aux nouveaux projets, aux d\u00e9couvertes et \u00e0 un trimestre plein d\u2019\u00e9nergie.","og_url":"https:\/\/www.eifaschool.com\/fr\/voyage-de-ski-annuel\/","og_site_name":"EIFA International School (EIFA)","article_publisher":"https:\/\/www.facebook.com\/eifainternationalschoollondon","article_published_time":"2026-04-28T08:36:08+00:00","article_modified_time":"2026-04-28T08:45:27+00:00","og_image":[{"width":1500,"height":1009,"url":"https:\/\/www.eifaschool.com\/wp-content\/uploads\/SKiTrip.jpg","type":"image\/jpeg"}],"author":"Thomas Kadri","twitter_card":"summary_large_image","twitter_misc":{"\u00c9crit par":"Thomas Kadri","Dur\u00e9e de lecture estim\u00e9e":"1 minute"},"schema":{"@context":"https:\/\/schema.org","@graph":[{"@type":"Article","@id":"https:\/\/www.eifaschool.com\/fr\/voyage-de-ski-annuel\/#article","isPartOf":{"@id":"https:\/\/www.eifaschool.com\/fr\/voyage-de-ski-annuel\/"},"author":{"name":"Thomas Kadri","@id":"https:\/\/www.eifaschool.com\/fr\/#\/schema\/person\/db8afbc0c66dd2490511ff9376a6dac9"},"headline":"Voyage de Ski Annuel","datePublished":"2026-04-28T08:36:08+00:00","dateModified":"2026-04-28T08:45:27+00:00","mainEntityOfPage":{"@id":"https:\/\/www.eifaschool.com\/fr\/voyage-de-ski-annuel\/"},"wordCount":82,"publisher":{"@id":"https:\/\/www.eifaschool.com\/fr\/#organization"},"image":{"@id":"https:\/\/www.eifaschool.com\/fr\/voyage-de-ski-annuel\/#primaryimage"},"thumbnailUrl":"https:\/\/www.eifaschool.com\/wp-content\/uploads\/SKiTrip.jpg","articleSection":["News"],"inLanguage":"fr-FR"},{"@type":"WebPage","@id":"https:\/\/www.eifaschool.com\/fr\/voyage-de-ski-annuel\/","url":"https:\/\/www.eifaschool.com\/fr\/voyage-de-ski-annuel\/","name":"Voyage de Ski Annuel - EIFA International School (EIFA)","isPartOf":{"@id":"https:\/\/www.eifaschool.com\/fr\/#website"},"primaryImageOfPage":{"@id":"https:\/\/www.eifaschool.com\/fr\/voyage-de-ski-annuel\/#primaryimage"},"image":{"@id":"https:\/\/www.eifaschool.com\/fr\/voyage-de-ski-annuel\/#primaryimage"},"thumbnailUrl":"https:\/\/www.eifaschool.com\/wp-content\/uploads\/SKiTrip.jpg","datePublished":"2026-04-28T08:36:08+00:00","dateModified":"2026-04-28T08:45:27+00:00","description":"Notre voyage de ski annuel \u00e0 St. Moritz pendant les vacances de printemps (Spring Half-Term) est toujours un moment fort de l\u2019ann\u00e9e \u2744\ufe0f\u26f7\ufe0f\ud83c\udde8\ud83c\udded","breadcrumb":{"@id":"https:\/\/www.eifaschool.com\/fr\/voyage-de-ski-annuel\/#breadcrumb"},"inLanguage":"fr-FR","potentialAction":[{"@type":"ReadAction","target":["https:\/\/www.eifaschool.com\/fr\/voyage-de-ski-annuel\/"]}]},{"@type":"ImageObject","inLanguage":"fr-FR","@id":"https:\/\/www.eifaschool.com\/fr\/voyage-de-ski-annuel\/#primaryimage","url":"https:\/\/www.eifaschool.com\/wp-content\/uploads\/SKiTrip.jpg","contentUrl":"https:\/\/www.eifaschool.com\/wp-content\/uploads\/SKiTrip.jpg","width":1500,"height":1009,"caption":"EIFA Un groupe de personnes en tenue de ski se tient sur un belv\u00e9d\u00e8re de montagne enneig\u00e9e avec des skis, c\u00e9l\u00e9brant la Journ\u00e9e mondiale de l'alimentation sur fond de sommets enneig\u00e9s et de ciel bleu clair."},{"@type":"BreadcrumbList","@id":"https:\/\/www.eifaschool.com\/fr\/voyage-de-ski-annuel\/#breadcrumb","itemListElement":[{"@type":"ListItem","position":1,"name":"Home","item":"https:\/\/www.eifaschool.com\/fr\/"},{"@type":"ListItem","position":2,"name":"Voyage de Ski Annuel"}]},{"@type":"WebSite","@id":"https:\/\/www.eifaschool.com\/fr\/#website","url":"https:\/\/www.eifaschool.com\/fr\/","name":"EIFA International School (EIFA)","description":"A bilingual international school for young citizens of the world","publisher":{"@id":"https:\/\/www.eifaschool.com\/fr\/#organization"},"potentialAction":[{"@type":"SearchAction","target":{"@type":"EntryPoint","urlTemplate":"https:\/\/www.eifaschool.com\/fr\/?s={search_term_string}"},"query-input":{"@type":"PropertyValueSpecification","valueRequired":true,"valueName":"search_term_string"}}],"inLanguage":"fr-FR"},{"@type":"Organization","@id":"https:\/\/www.eifaschool.com\/fr\/#organization","name":"EIFA International School (EIFA)","url":"https:\/\/www.eifaschool.com\/fr\/","logo":{"@type":"ImageObject","inLanguage":"fr-FR","@id":"https:\/\/www.eifaschool.com\/fr\/#\/schema\/logo\/image\/","url":"https:\/\/www.eifaschool.com\/wp-content\/uploads\/2024\/05\/eifa_logo_white.png","contentUrl":"https:\/\/www.eifaschool.com\/wp-content\/uploads\/2024\/05\/eifa_logo_white.png","width":500,"height":231,"caption":"EIFA International School (EIFA)"},"image":{"@id":"https:\/\/www.eifaschool.com\/fr\/#\/schema\/logo\/image\/"},"sameAs":["https:\/\/www.facebook.com\/eifainternationalschoollondon","https:\/\/www.instagram.com\/eifainternationalschool","https:\/\/www.youtube.com\/channel\/UCZ7MJ5WK69Dpi8spXepJv2Q","https:\/\/www.linkedin.com\/company\/eifa-international-school\/"]},{"@type":"Person","@id":"https:\/\/www.eifaschool.com\/fr\/#\/schema\/person\/db8afbc0c66dd2490511ff9376a6dac9","name":"Thomas Kadri","image":{"@type":"ImageObject","inLanguage":"fr-FR","@id":"https:\/\/secure.gravatar.com\/avatar\/c77470483cf02a47048b571cf698fdcd0fed33b87c8b506923412c1949b72127?s=96&d=mm&r=g","url":"https:\/\/secure.gravatar.com\/avatar\/c77470483cf02a47048b571cf698fdcd0fed33b87c8b506923412c1949b72127?s=96&d=mm&r=g","contentUrl":"https:\/\/secure.gravatar.com\/avatar\/c77470483cf02a47048b571cf698fdcd0fed33b87c8b506923412c1949b72127?s=96&d=mm&r=g","caption":"Thomas Kadri"}}]}},"_links":{"self":[{"href":"https:\/\/www.eifaschool.com\/fr\/wp-json\/wp\/v2\/posts\/21267","targetHints":{"allow":["GET"]}}],"collection":[{"href":"https:\/\/www.eifaschool.com\/fr\/wp-json\/wp\/v2\/posts"}],"about":[{"href":"https:\/\/www.eifaschool.com\/fr\/wp-json\/wp\/v2\/types\/post"}],"author":[{"embeddable":true,"href":"https:\/\/www.eifaschool.com\/fr\/wp-json\/wp\/v2\/users\/3"}],"replies":[{"embeddable":true,"href":"https:\/\/www.eifaschool.com\/fr\/wp-json\/wp\/v2\/comments?post=21267"}],"version-history":[{"count":5,"href":"https:\/\/www.eifaschool.com\/fr\/wp-json\/wp\/v2\/posts\/21267\/revisions"}],"predecessor-version":[{"id":21284,"href":"https:\/\/www.eifaschool.com\/fr\/wp-json\/wp\/v2\/posts\/21267\/revisions\/21284"}],"wp:featuredmedia":[{"embeddable":true,"href":"https:\/\/www.eifaschool.com\/fr\/wp-json\/wp\/v2\/media\/21269"}],"wp:attachment":[{"href":"https:\/\/www.eifaschool.com\/fr\/wp-json\/wp\/v2\/media?parent=21267"}],"wp:term":[{"taxonomy":"category","embeddable":true,"href":"https:\/\/www.eifaschool.com\/fr\/wp-json\/wp\/v2\/categories?post=21267"},{"taxonomy":"post_tag","embeddable":true,"href":"https:\/\/www.eifaschool.com\/fr\/wp-json\/wp\/v2\/tags?post=21267"}],"curies":[{"name":"wp","href":"https:\/\/api.w.org\/{rel}","templated":true}]}}