{"id":14564,"date":"2024-06-15T10:28:54","date_gmt":"2024-06-15T10:28:54","guid":{"rendered":"https:\/\/www.eifaschool.com\/international-week\/"},"modified":"2025-02-03T10:33:51","modified_gmt":"2025-02-03T10:33:51","slug":"international-week","status":"publish","type":"post","link":"https:\/\/www.eifaschool.com\/fr\/international-week\/","title":{"rendered":"Semaine Internationale"},"content":{"rendered":"\t\t<div data-elementor-type=\"wp-post\" data-elementor-id=\"14564\" class=\"elementor elementor-14564 elementor-14488\" data-elementor-post-type=\"post\">\n\t\t\t\t<div class=\"elementor-element elementor-element-aa8bf13 e-flex e-con-boxed e-con e-parent\" data-id=\"aa8bf13\" data-element_type=\"container\">\n\t\t\t\t\t<div class=\"e-con-inner\">\n\t\t\t\t<div class=\"elementor-element elementor-element-8242f67 elementor-widget elementor-widget-text-editor\" data-id=\"8242f67\" data-element_type=\"widget\" data-widget_type=\"text-editor.default\">\n\t\t\t\t<div class=\"elementor-widget-container\">\n\t\t\t\t\t\t\t\t\t<p>Each year, EIFA\u2019s International Week is an opportunity to celebrate the richness and diversity of our community, with 40 different nationalities. A big thank you to the EIFA parents, who organised this event and allowed pupils and staff to discover the culture and flavours of the various countries represented.<br \/><br \/>Chaque ann\u00e9e, la semaine Internationale de l\u2019EIFA est l\u2019occasion de f\u00eater la richesse et la diversit\u00e9 de notre communaut\u00e9, forte de plus de 40 nationalit\u00e9s diff\u00e9rentes.<br \/>Un grand merci aux parents de l\u2019EIFA qui ont organis\u00e9 cet \u00e9v\u00e9nement, et ont permis aux \u00e9l\u00e8ves et au personnel de d\u00e9couvrir la culture et les saveurs des divers pays repr\u00e9sent\u00e9s.<\/p>\t\t\t\t\t\t\t\t<\/div>\n\t\t\t\t<\/div>\n\t\t\t\t\t<\/div>\n\t\t\t\t<\/div>\n\t\t<div class=\"elementor-element elementor-element-fe471c1 e-flex e-con-boxed e-con e-parent\" data-id=\"fe471c1\" data-element_type=\"container\">\n\t\t\t\t\t<div class=\"e-con-inner\">\n\t\t\t\t<div class=\"nav-border-none dot-border-none dot-active-border-none elementor-element elementor-element-9ba245d elementor-widget thim-widget-gallery-images\" data-id=\"9ba245d\" data-element_type=\"widget\" data-widget_type=\"thim-gallery-images.default\">\n\t\t\t\t<div class=\"elementor-widget-container\">\n\t\t\t\t\t<div class=\"thim-carousel-wrapper gallery-img\" data-visible=\"2\" data-itemtablet=\"2\" data-itemmobile=\"1\" data-autoplay=\"0\" data-navigation=\"1\" data-pagination=\"0\" data-loop=\"true\"><div class=\"item\"><img fetchpriority=\"high\" decoding=\"async\" width=\"640\" height=\"670\" src=\"https:\/\/www.eifaschool.com\/wp-content\/uploads\/2024\/06\/SCB_9471-978x1024.jpg\" class=\"attachment-large size-large\" alt=\"EIFA Two people smiling and posing by a table with French-themed decorations and food, including croissants, baguettes, and fruit. A large French flag is displayed on the wall behind them. Dressed in red, white, and blue attire, they celebrate a bilingual spirit reminiscent of EIFA London.\" srcset=\"https:\/\/www.eifaschool.com\/wp-content\/uploads\/2024\/06\/SCB_9471-978x1024.jpg 978w, https:\/\/www.eifaschool.com\/wp-content\/uploads\/2024\/06\/SCB_9471-287x300.jpg 287w, https:\/\/www.eifaschool.com\/wp-content\/uploads\/2024\/06\/SCB_9471-768x804.jpg 768w, https:\/\/www.eifaschool.com\/wp-content\/uploads\/2024\/06\/SCB_9471-1467x1536.jpg 1467w, https:\/\/www.eifaschool.com\/wp-content\/uploads\/2024\/06\/SCB_9471-1956x2048.jpg 1956w\" sizes=\"(max-width: 640px) 100vw, 640px\" \/><\/div><div class=\"item\"><img decoding=\"async\" width=\"640\" height=\"751\" src=\"https:\/\/www.eifaschool.com\/wp-content\/uploads\/2024\/06\/SCB_9473-Enhanced-NR-873x1024.jpg\" class=\"attachment-large size-large\" alt=\"EIFA A smiling couple stands by a table adorned with Colombian snacks and decorations, including flags and jerseys. The man sports a Colombian jersey and cap while the woman wears a navy shirt. A Colombia sign decorates the tablecloth, capturing the lively spirit at their London celebration.\" srcset=\"https:\/\/www.eifaschool.com\/wp-content\/uploads\/2024\/06\/SCB_9473-Enhanced-NR-873x1024.jpg 873w, https:\/\/www.eifaschool.com\/wp-content\/uploads\/2024\/06\/SCB_9473-Enhanced-NR-256x300.jpg 256w, https:\/\/www.eifaschool.com\/wp-content\/uploads\/2024\/06\/SCB_9473-Enhanced-NR-768x901.jpg 768w, https:\/\/www.eifaschool.com\/wp-content\/uploads\/2024\/06\/SCB_9473-Enhanced-NR-1309x1536.jpg 1309w, https:\/\/www.eifaschool.com\/wp-content\/uploads\/2024\/06\/SCB_9473-Enhanced-NR-1746x2048.jpg 1746w\" sizes=\"(max-width: 640px) 100vw, 640px\" \/><\/div><div class=\"item\"><img decoding=\"async\" width=\"640\" height=\"683\" src=\"https:\/\/www.eifaschool.com\/wp-content\/uploads\/2024\/06\/SCB_9430-Enhanced-NR-959x1024.jpg\" class=\"attachment-large size-large\" alt=\"EIFA Three people stand behind a table at the EIFA school in London, displaying cultural items, books, and snacks. They are smiling, wearing colorful traditional clothing, with a map of Iran in the background. The atmosphere is vibrant and engaging.\" srcset=\"https:\/\/www.eifaschool.com\/wp-content\/uploads\/2024\/06\/SCB_9430-Enhanced-NR-959x1024.jpg 959w, https:\/\/www.eifaschool.com\/wp-content\/uploads\/2024\/06\/SCB_9430-Enhanced-NR-281x300.jpg 281w, https:\/\/www.eifaschool.com\/wp-content\/uploads\/2024\/06\/SCB_9430-Enhanced-NR-768x820.jpg 768w, https:\/\/www.eifaschool.com\/wp-content\/uploads\/2024\/06\/SCB_9430-Enhanced-NR-1438x1536.jpg 1438w, https:\/\/www.eifaschool.com\/wp-content\/uploads\/2024\/06\/SCB_9430-Enhanced-NR-1917x2048.jpg 1917w\" sizes=\"(max-width: 640px) 100vw, 640px\" \/><\/div><div class=\"item\"><img loading=\"lazy\" decoding=\"async\" width=\"640\" height=\"426\" src=\"https:\/\/www.eifaschool.com\/wp-content\/uploads\/2024\/06\/SCB_9415-1024x681.jpg\" class=\"attachment-large size-large\" alt=\"EIFA A woman in a red shirt and white headband stands at a table covered with Polish flags, souvenirs, and decorations, engaging with a young boy in a white shirt. An American flag hangs in the background of this bilingual school event in London.\" srcset=\"https:\/\/www.eifaschool.com\/wp-content\/uploads\/2024\/06\/SCB_9415-1024x681.jpg 1024w, https:\/\/www.eifaschool.com\/wp-content\/uploads\/2024\/06\/SCB_9415-300x200.jpg 300w, https:\/\/www.eifaschool.com\/wp-content\/uploads\/2024\/06\/SCB_9415-768x511.jpg 768w, https:\/\/www.eifaschool.com\/wp-content\/uploads\/2024\/06\/SCB_9415-1536x1022.jpg 1536w, https:\/\/www.eifaschool.com\/wp-content\/uploads\/2024\/06\/SCB_9415-2048x1363.jpg 2048w\" sizes=\"(max-width: 640px) 100vw, 640px\" \/><\/div><div class=\"item\"><img loading=\"lazy\" decoding=\"async\" width=\"640\" height=\"506\" src=\"https:\/\/www.eifaschool.com\/wp-content\/uploads\/2024\/06\/SCB_9409-Enhanced-NR-1024x810.jpg\" class=\"attachment-large size-large\" alt=\"EIFA A woman stands behind a table at the EIFA school event, displaying Colombian cultural items. Theres a blue tablecloth with food, books, and crafts. A Colombian flag and jersey hang in the background, embodying bilingual pride. A sign on the table reads Colombia.\" srcset=\"https:\/\/www.eifaschool.com\/wp-content\/uploads\/2024\/06\/SCB_9409-Enhanced-NR-1024x810.jpg 1024w, https:\/\/www.eifaschool.com\/wp-content\/uploads\/2024\/06\/SCB_9409-Enhanced-NR-300x237.jpg 300w, https:\/\/www.eifaschool.com\/wp-content\/uploads\/2024\/06\/SCB_9409-Enhanced-NR-768x608.jpg 768w, https:\/\/www.eifaschool.com\/wp-content\/uploads\/2024\/06\/SCB_9409-Enhanced-NR-1536x1216.jpg 1536w, https:\/\/www.eifaschool.com\/wp-content\/uploads\/2024\/06\/SCB_9409-Enhanced-NR-2048x1621.jpg 2048w\" sizes=\"(max-width: 640px) 100vw, 640px\" \/><\/div><div class=\"item\"><img loading=\"lazy\" decoding=\"async\" width=\"640\" height=\"426\" src=\"https:\/\/www.eifaschool.com\/wp-content\/uploads\/2024\/06\/SCB_9469-1024x681.jpg\" class=\"attachment-large size-large\" alt=\"EIFA A person stands smiling behind a table with a red, white, and blue theme at the EIFA bilingual school event. The table has assorted items, balloons, and festive decorations. American flags hang in the background on the wall.\" srcset=\"https:\/\/www.eifaschool.com\/wp-content\/uploads\/2024\/06\/SCB_9469-1024x681.jpg 1024w, https:\/\/www.eifaschool.com\/wp-content\/uploads\/2024\/06\/SCB_9469-300x200.jpg 300w, https:\/\/www.eifaschool.com\/wp-content\/uploads\/2024\/06\/SCB_9469-768x511.jpg 768w, https:\/\/www.eifaschool.com\/wp-content\/uploads\/2024\/06\/SCB_9469-1536x1022.jpg 1536w, https:\/\/www.eifaschool.com\/wp-content\/uploads\/2024\/06\/SCB_9469-2048x1363.jpg 2048w\" sizes=\"(max-width: 640px) 100vw, 640px\" \/><\/div><div class=\"item\"><img loading=\"lazy\" decoding=\"async\" width=\"640\" height=\"519\" src=\"https:\/\/www.eifaschool.com\/wp-content\/uploads\/2024\/06\/SCB_9432-Enhanced-NR-1024x831.jpg\" class=\"attachment-large size-large\" alt=\"EIFA A woman stands behind a table decorated with Danish flags and assorted items at the bilingual school fair. Books, snacks, and crafts are displayed. A large Danish flag and tinsel are hung on the wall behind her. She smiles, holding two small flags, representing EIFAs diverse community.\n.\" srcset=\"https:\/\/www.eifaschool.com\/wp-content\/uploads\/2024\/06\/SCB_9432-Enhanced-NR-1024x831.jpg 1024w, https:\/\/www.eifaschool.com\/wp-content\/uploads\/2024\/06\/SCB_9432-Enhanced-NR-300x244.jpg 300w, https:\/\/www.eifaschool.com\/wp-content\/uploads\/2024\/06\/SCB_9432-Enhanced-NR-768x623.jpg 768w, https:\/\/www.eifaschool.com\/wp-content\/uploads\/2024\/06\/SCB_9432-Enhanced-NR-1536x1247.jpg 1536w, https:\/\/www.eifaschool.com\/wp-content\/uploads\/2024\/06\/SCB_9432-Enhanced-NR-2048x1663.jpg 2048w\" sizes=\"(max-width: 640px) 100vw, 640px\" \/><\/div><div class=\"item\"><img loading=\"lazy\" decoding=\"async\" width=\"640\" height=\"671\" src=\"https:\/\/www.eifaschool.com\/wp-content\/uploads\/2024\/06\/SCB_9442-977x1024.jpg\" class=\"attachment-large size-large\" alt=\"EIFA A group of smiling children from EIFA in London stand close together, holding a colorful poster with various international flags and the word Spain! written on it. These bilingual kids are wearing lanyards and holding white tote bags against a backdrop of vibrant cultural displays.\" srcset=\"https:\/\/www.eifaschool.com\/wp-content\/uploads\/2024\/06\/SCB_9442-977x1024.jpg 977w, https:\/\/www.eifaschool.com\/wp-content\/uploads\/2024\/06\/SCB_9442-286x300.jpg 286w, https:\/\/www.eifaschool.com\/wp-content\/uploads\/2024\/06\/SCB_9442-768x805.jpg 768w, https:\/\/www.eifaschool.com\/wp-content\/uploads\/2024\/06\/SCB_9442-1465x1536.jpg 1465w, https:\/\/www.eifaschool.com\/wp-content\/uploads\/2024\/06\/SCB_9442-1953x2048.jpg 1953w\" sizes=\"(max-width: 640px) 100vw, 640px\" \/><\/div><div class=\"item\"><img loading=\"lazy\" decoding=\"async\" width=\"640\" height=\"576\" src=\"https:\/\/www.eifaschool.com\/wp-content\/uploads\/2024\/06\/SCB_9411-Enhanced-NR-1024x922.jpg\" class=\"attachment-large size-large\" alt=\"EIFA Three people stand smiling behind a table decorated with Lebanese flags and foods at the EIFA event in London. Behind them is a display of Lebanese images and a colorful prize wheel. The bilingual exhibit features traditional attire and snacks, celebrating rich cultural heritage.\" srcset=\"https:\/\/www.eifaschool.com\/wp-content\/uploads\/2024\/06\/SCB_9411-Enhanced-NR-1024x922.jpg 1024w, https:\/\/www.eifaschool.com\/wp-content\/uploads\/2024\/06\/SCB_9411-Enhanced-NR-300x270.jpg 300w, https:\/\/www.eifaschool.com\/wp-content\/uploads\/2024\/06\/SCB_9411-Enhanced-NR-768x692.jpg 768w, https:\/\/www.eifaschool.com\/wp-content\/uploads\/2024\/06\/SCB_9411-Enhanced-NR-1536x1384.jpg 1536w, https:\/\/www.eifaschool.com\/wp-content\/uploads\/2024\/06\/SCB_9411-Enhanced-NR-2048x1845.jpg 2048w\" sizes=\"(max-width: 640px) 100vw, 640px\" \/><\/div><\/div>\t\t\t\t<\/div>\n\t\t\t\t<\/div>\n\t\t\t\t\t<\/div>\n\t\t\t\t<\/div>\n\t\t\t\t<\/div>\n\t\t","protected":false},"excerpt":{"rendered":"<p>The Year 4 trip to the\u00a0@futuroscope\u00a0and\u00a0@puydufou\u00a0was a perfect blend of fun and education.\u00a0At the Futuroscope, pupils enjoyed many interactive rides and attractions that combined 3D and 4D technology. These rides included virtual reality and simulation experiences that made learning fun &hellip; <\/p>\n","protected":false},"author":1,"featured_media":14510,"comment_status":"open","ping_status":"open","sticky":false,"template":"","format":"standard","meta":{"footnotes":""},"categories":[67],"tags":[],"class_list":["post-14564","post","type-post","status-publish","format-standard","has-post-thumbnail","hentry","category-news-fr"],"yoast_head":"<!-- This site is optimized with the Yoast SEO Premium plugin v25.8 (Yoast SEO v27.4) - https:\/\/yoast.com\/product\/yoast-seo-premium-wordpress\/ -->\n<title>Semaine Internationale - EIFA International School (EIFA)<\/title>\n<meta name=\"description\" content=\"La Semaine internationale de l&#039;EIFA est l&#039;occasion de c\u00e9l\u00e9brer la richesse et la diversit\u00e9 de notre communaut\u00e9,\" \/>\n<meta name=\"robots\" content=\"index, follow, max-snippet:-1, max-image-preview:large, max-video-preview:-1\" \/>\n<link rel=\"canonical\" href=\"https:\/\/www.eifaschool.com\/fr\/international-week\/\" \/>\n<meta property=\"og:locale\" content=\"fr_FR\" \/>\n<meta property=\"og:type\" content=\"article\" \/>\n<meta property=\"og:title\" content=\"Semaine Internationale\" \/>\n<meta property=\"og:description\" content=\"La Semaine internationale de l&#039;EIFA est l&#039;occasion de c\u00e9l\u00e9brer la richesse et la diversit\u00e9 de notre communaut\u00e9,\" \/>\n<meta property=\"og:url\" content=\"https:\/\/www.eifaschool.com\/international-week\/\" \/>\n<meta property=\"og:site_name\" content=\"EIFA International School (EIFA)\" \/>\n<meta property=\"article:publisher\" content=\"https:\/\/www.facebook.com\/eifainternationalschoollondon\" \/>\n<meta property=\"article:published_time\" content=\"2024-06-15T10:28:54+00:00\" \/>\n<meta property=\"article:modified_time\" content=\"2025-02-03T10:33:51+00:00\" \/>\n<meta property=\"og:image\" content=\"https:\/\/www.eifaschool.com\/wp-content\/uploads\/2024\/06\/SCB_9451-Enhanced-NR-1-scaled.jpg\" \/>\n\t<meta property=\"og:image:width\" content=\"2560\" \/>\n\t<meta property=\"og:image:height\" content=\"1838\" \/>\n\t<meta property=\"og:image:type\" content=\"image\/jpeg\" \/>\n<meta name=\"author\" content=\"Harry\" \/>\n<meta name=\"twitter:card\" content=\"summary_large_image\" \/>\n<meta name=\"twitter:label1\" content=\"\u00c9crit par\" \/>\n\t<meta name=\"twitter:data1\" content=\"Harry\" \/>\n\t<meta name=\"twitter:label2\" content=\"Dur\u00e9e de lecture estim\u00e9e\" \/>\n\t<meta name=\"twitter:data2\" content=\"2 minutes\" \/>\n<script type=\"application\/ld+json\" class=\"yoast-schema-graph\">{\"@context\":\"https:\\\/\\\/schema.org\",\"@graph\":[{\"@type\":\"Article\",\"@id\":\"https:\\\/\\\/www.eifaschool.com\\\/international-week\\\/#article\",\"isPartOf\":{\"@id\":\"https:\\\/\\\/www.eifaschool.com\\\/fr\\\/international-week\\\/\"},\"author\":{\"name\":\"Harry\",\"@id\":\"https:\\\/\\\/www.eifaschool.com\\\/fr\\\/#\\\/schema\\\/person\\\/6f39565f8eb2613303b6f9a7896a77b2\"},\"headline\":\"Semaine Internationale\",\"datePublished\":\"2024-06-15T10:28:54+00:00\",\"dateModified\":\"2025-02-03T10:33:51+00:00\",\"mainEntityOfPage\":{\"@id\":\"https:\\\/\\\/www.eifaschool.com\\\/fr\\\/international-week\\\/\"},\"wordCount\":122,\"commentCount\":0,\"publisher\":{\"@id\":\"https:\\\/\\\/www.eifaschool.com\\\/fr\\\/#organization\"},\"image\":{\"@id\":\"https:\\\/\\\/www.eifaschool.com\\\/international-week\\\/#primaryimage\"},\"thumbnailUrl\":\"https:\\\/\\\/www.eifaschool.com\\\/wp-content\\\/uploads\\\/2024\\\/06\\\/SCB_9451-Enhanced-NR-1-scaled.jpg\",\"articleSection\":[\"News\"],\"inLanguage\":\"fr-FR\",\"potentialAction\":[{\"@type\":\"CommentAction\",\"name\":\"Comment\",\"target\":[\"https:\\\/\\\/www.eifaschool.com\\\/international-week\\\/#respond\"]}]},{\"@type\":\"WebPage\",\"@id\":\"https:\\\/\\\/www.eifaschool.com\\\/fr\\\/international-week\\\/\",\"url\":\"https:\\\/\\\/www.eifaschool.com\\\/international-week\\\/\",\"name\":\"Semaine Internationale - EIFA International School (EIFA)\",\"isPartOf\":{\"@id\":\"https:\\\/\\\/www.eifaschool.com\\\/fr\\\/#website\"},\"primaryImageOfPage\":{\"@id\":\"https:\\\/\\\/www.eifaschool.com\\\/international-week\\\/#primaryimage\"},\"image\":{\"@id\":\"https:\\\/\\\/www.eifaschool.com\\\/international-week\\\/#primaryimage\"},\"thumbnailUrl\":\"https:\\\/\\\/www.eifaschool.com\\\/wp-content\\\/uploads\\\/2024\\\/06\\\/SCB_9451-Enhanced-NR-1-scaled.jpg\",\"datePublished\":\"2024-06-15T10:28:54+00:00\",\"dateModified\":\"2025-02-03T10:33:51+00:00\",\"description\":\"La Semaine internationale de l'EIFA est l'occasion de c\u00e9l\u00e9brer la richesse et la diversit\u00e9 de notre communaut\u00e9,\",\"breadcrumb\":{\"@id\":\"https:\\\/\\\/www.eifaschool.com\\\/international-week\\\/#breadcrumb\"},\"inLanguage\":\"fr-FR\",\"potentialAction\":[{\"@type\":\"ReadAction\",\"target\":[\"https:\\\/\\\/www.eifaschool.com\\\/international-week\\\/\"]}]},{\"@type\":\"ImageObject\",\"inLanguage\":\"fr-FR\",\"@id\":\"https:\\\/\\\/www.eifaschool.com\\\/international-week\\\/#primaryimage\",\"url\":\"https:\\\/\\\/www.eifaschool.com\\\/wp-content\\\/uploads\\\/2024\\\/06\\\/SCB_9451-Enhanced-NR-1-scaled.jpg\",\"contentUrl\":\"https:\\\/\\\/www.eifaschool.com\\\/wp-content\\\/uploads\\\/2024\\\/06\\\/SCB_9451-Enhanced-NR-1-scaled.jpg\",\"width\":2560,\"height\":1838,\"caption\":\"EIFA Un groupe denfants et dadultes souriant et posant \u00e0 lint\u00e9rieur avec divers drapeaux et affiches en arri\u00e8re-plan, probablement lors dun \u00e9v\u00e9nement scolaire bilingue \u00e0 Londres. Certains tiennent des sacs blancs tandis que dautres ont des papiers ou de petits objets. Le cadre anim\u00e9 et color\u00e9 sugg\u00e8re un rassemblement festif ou culturel.\"},{\"@type\":\"BreadcrumbList\",\"@id\":\"https:\\\/\\\/www.eifaschool.com\\\/international-week\\\/#breadcrumb\",\"itemListElement\":[{\"@type\":\"ListItem\",\"position\":1,\"name\":\"Home\",\"item\":\"https:\\\/\\\/www.eifaschool.com\\\/fr\\\/\"},{\"@type\":\"ListItem\",\"position\":2,\"name\":\"Semaine Internationale\"}]},{\"@type\":\"WebSite\",\"@id\":\"https:\\\/\\\/www.eifaschool.com\\\/fr\\\/#website\",\"url\":\"https:\\\/\\\/www.eifaschool.com\\\/fr\\\/\",\"name\":\"EIFA International School (EIFA)\",\"description\":\"A bilingual international school for young citizens of the world\",\"publisher\":{\"@id\":\"https:\\\/\\\/www.eifaschool.com\\\/fr\\\/#organization\"},\"potentialAction\":[{\"@type\":\"SearchAction\",\"target\":{\"@type\":\"EntryPoint\",\"urlTemplate\":\"https:\\\/\\\/www.eifaschool.com\\\/fr\\\/?s={search_term_string}\"},\"query-input\":{\"@type\":\"PropertyValueSpecification\",\"valueRequired\":true,\"valueName\":\"search_term_string\"}}],\"inLanguage\":\"fr-FR\"},{\"@type\":\"Organization\",\"@id\":\"https:\\\/\\\/www.eifaschool.com\\\/fr\\\/#organization\",\"name\":\"EIFA International School (EIFA)\",\"url\":\"https:\\\/\\\/www.eifaschool.com\\\/fr\\\/\",\"logo\":{\"@type\":\"ImageObject\",\"inLanguage\":\"fr-FR\",\"@id\":\"https:\\\/\\\/www.eifaschool.com\\\/fr\\\/#\\\/schema\\\/logo\\\/image\\\/\",\"url\":\"https:\\\/\\\/www.eifaschool.com\\\/wp-content\\\/uploads\\\/2024\\\/05\\\/eifa_logo_white.png\",\"contentUrl\":\"https:\\\/\\\/www.eifaschool.com\\\/wp-content\\\/uploads\\\/2024\\\/05\\\/eifa_logo_white.png\",\"width\":500,\"height\":231,\"caption\":\"EIFA International School (EIFA)\"},\"image\":{\"@id\":\"https:\\\/\\\/www.eifaschool.com\\\/fr\\\/#\\\/schema\\\/logo\\\/image\\\/\"},\"sameAs\":[\"https:\\\/\\\/www.facebook.com\\\/eifainternationalschoollondon\",\"https:\\\/\\\/www.instagram.com\\\/eifainternationalschool\",\"https:\\\/\\\/www.youtube.com\\\/channel\\\/UCZ7MJ5WK69Dpi8spXepJv2Q\",\"https:\\\/\\\/www.linkedin.com\\\/company\\\/eifa-international-school\\\/\"]},{\"@type\":\"Person\",\"@id\":\"https:\\\/\\\/www.eifaschool.com\\\/fr\\\/#\\\/schema\\\/person\\\/6f39565f8eb2613303b6f9a7896a77b2\",\"name\":\"Harry\",\"image\":{\"@type\":\"ImageObject\",\"inLanguage\":\"fr-FR\",\"@id\":\"https:\\\/\\\/secure.gravatar.com\\\/avatar\\\/749b636c0a018d7c0aa66e06d080837c7c69e2819abceea55852cb10208087c4?s=96&d=mm&r=g\",\"url\":\"https:\\\/\\\/secure.gravatar.com\\\/avatar\\\/749b636c0a018d7c0aa66e06d080837c7c69e2819abceea55852cb10208087c4?s=96&d=mm&r=g\",\"contentUrl\":\"https:\\\/\\\/secure.gravatar.com\\\/avatar\\\/749b636c0a018d7c0aa66e06d080837c7c69e2819abceea55852cb10208087c4?s=96&d=mm&r=g\",\"caption\":\"Harry\"},\"sameAs\":[\"https:\\\/\\\/www.eifaschool.com\"]}]}<\/script>\n<!-- \/ Yoast SEO Premium plugin. -->","yoast_head_json":{"title":"Semaine Internationale - EIFA International School (EIFA)","description":"La Semaine internationale de l'EIFA est l'occasion de c\u00e9l\u00e9brer la richesse et la diversit\u00e9 de notre communaut\u00e9,","robots":{"index":"index","follow":"follow","max-snippet":"max-snippet:-1","max-image-preview":"max-image-preview:large","max-video-preview":"max-video-preview:-1"},"canonical":"https:\/\/www.eifaschool.com\/fr\/international-week\/","og_locale":"fr_FR","og_type":"article","og_title":"Semaine Internationale","og_description":"La Semaine internationale de l'EIFA est l'occasion de c\u00e9l\u00e9brer la richesse et la diversit\u00e9 de notre communaut\u00e9,","og_url":"https:\/\/www.eifaschool.com\/international-week\/","og_site_name":"EIFA International School (EIFA)","article_publisher":"https:\/\/www.facebook.com\/eifainternationalschoollondon","article_published_time":"2024-06-15T10:28:54+00:00","article_modified_time":"2025-02-03T10:33:51+00:00","og_image":[{"width":2560,"height":1838,"url":"https:\/\/www.eifaschool.com\/wp-content\/uploads\/2024\/06\/SCB_9451-Enhanced-NR-1-scaled.jpg","type":"image\/jpeg"}],"author":"Harry","twitter_card":"summary_large_image","twitter_misc":{"\u00c9crit par":"Harry","Dur\u00e9e de lecture estim\u00e9e":"2 minutes"},"schema":{"@context":"https:\/\/schema.org","@graph":[{"@type":"Article","@id":"https:\/\/www.eifaschool.com\/international-week\/#article","isPartOf":{"@id":"https:\/\/www.eifaschool.com\/fr\/international-week\/"},"author":{"name":"Harry","@id":"https:\/\/www.eifaschool.com\/fr\/#\/schema\/person\/6f39565f8eb2613303b6f9a7896a77b2"},"headline":"Semaine Internationale","datePublished":"2024-06-15T10:28:54+00:00","dateModified":"2025-02-03T10:33:51+00:00","mainEntityOfPage":{"@id":"https:\/\/www.eifaschool.com\/fr\/international-week\/"},"wordCount":122,"commentCount":0,"publisher":{"@id":"https:\/\/www.eifaschool.com\/fr\/#organization"},"image":{"@id":"https:\/\/www.eifaschool.com\/international-week\/#primaryimage"},"thumbnailUrl":"https:\/\/www.eifaschool.com\/wp-content\/uploads\/2024\/06\/SCB_9451-Enhanced-NR-1-scaled.jpg","articleSection":["News"],"inLanguage":"fr-FR","potentialAction":[{"@type":"CommentAction","name":"Comment","target":["https:\/\/www.eifaschool.com\/international-week\/#respond"]}]},{"@type":"WebPage","@id":"https:\/\/www.eifaschool.com\/fr\/international-week\/","url":"https:\/\/www.eifaschool.com\/international-week\/","name":"Semaine Internationale - EIFA International School (EIFA)","isPartOf":{"@id":"https:\/\/www.eifaschool.com\/fr\/#website"},"primaryImageOfPage":{"@id":"https:\/\/www.eifaschool.com\/international-week\/#primaryimage"},"image":{"@id":"https:\/\/www.eifaschool.com\/international-week\/#primaryimage"},"thumbnailUrl":"https:\/\/www.eifaschool.com\/wp-content\/uploads\/2024\/06\/SCB_9451-Enhanced-NR-1-scaled.jpg","datePublished":"2024-06-15T10:28:54+00:00","dateModified":"2025-02-03T10:33:51+00:00","description":"La Semaine internationale de l'EIFA est l'occasion de c\u00e9l\u00e9brer la richesse et la diversit\u00e9 de notre communaut\u00e9,","breadcrumb":{"@id":"https:\/\/www.eifaschool.com\/international-week\/#breadcrumb"},"inLanguage":"fr-FR","potentialAction":[{"@type":"ReadAction","target":["https:\/\/www.eifaschool.com\/international-week\/"]}]},{"@type":"ImageObject","inLanguage":"fr-FR","@id":"https:\/\/www.eifaschool.com\/international-week\/#primaryimage","url":"https:\/\/www.eifaschool.com\/wp-content\/uploads\/2024\/06\/SCB_9451-Enhanced-NR-1-scaled.jpg","contentUrl":"https:\/\/www.eifaschool.com\/wp-content\/uploads\/2024\/06\/SCB_9451-Enhanced-NR-1-scaled.jpg","width":2560,"height":1838,"caption":"EIFA Un groupe denfants et dadultes souriant et posant \u00e0 lint\u00e9rieur avec divers drapeaux et affiches en arri\u00e8re-plan, probablement lors dun \u00e9v\u00e9nement scolaire bilingue \u00e0 Londres. Certains tiennent des sacs blancs tandis que dautres ont des papiers ou de petits objets. Le cadre anim\u00e9 et color\u00e9 sugg\u00e8re un rassemblement festif ou culturel."},{"@type":"BreadcrumbList","@id":"https:\/\/www.eifaschool.com\/international-week\/#breadcrumb","itemListElement":[{"@type":"ListItem","position":1,"name":"Home","item":"https:\/\/www.eifaschool.com\/fr\/"},{"@type":"ListItem","position":2,"name":"Semaine Internationale"}]},{"@type":"WebSite","@id":"https:\/\/www.eifaschool.com\/fr\/#website","url":"https:\/\/www.eifaschool.com\/fr\/","name":"EIFA International School (EIFA)","description":"A bilingual international school for young citizens of the world","publisher":{"@id":"https:\/\/www.eifaschool.com\/fr\/#organization"},"potentialAction":[{"@type":"SearchAction","target":{"@type":"EntryPoint","urlTemplate":"https:\/\/www.eifaschool.com\/fr\/?s={search_term_string}"},"query-input":{"@type":"PropertyValueSpecification","valueRequired":true,"valueName":"search_term_string"}}],"inLanguage":"fr-FR"},{"@type":"Organization","@id":"https:\/\/www.eifaschool.com\/fr\/#organization","name":"EIFA International School (EIFA)","url":"https:\/\/www.eifaschool.com\/fr\/","logo":{"@type":"ImageObject","inLanguage":"fr-FR","@id":"https:\/\/www.eifaschool.com\/fr\/#\/schema\/logo\/image\/","url":"https:\/\/www.eifaschool.com\/wp-content\/uploads\/2024\/05\/eifa_logo_white.png","contentUrl":"https:\/\/www.eifaschool.com\/wp-content\/uploads\/2024\/05\/eifa_logo_white.png","width":500,"height":231,"caption":"EIFA International School (EIFA)"},"image":{"@id":"https:\/\/www.eifaschool.com\/fr\/#\/schema\/logo\/image\/"},"sameAs":["https:\/\/www.facebook.com\/eifainternationalschoollondon","https:\/\/www.instagram.com\/eifainternationalschool","https:\/\/www.youtube.com\/channel\/UCZ7MJ5WK69Dpi8spXepJv2Q","https:\/\/www.linkedin.com\/company\/eifa-international-school\/"]},{"@type":"Person","@id":"https:\/\/www.eifaschool.com\/fr\/#\/schema\/person\/6f39565f8eb2613303b6f9a7896a77b2","name":"Harry","image":{"@type":"ImageObject","inLanguage":"fr-FR","@id":"https:\/\/secure.gravatar.com\/avatar\/749b636c0a018d7c0aa66e06d080837c7c69e2819abceea55852cb10208087c4?s=96&d=mm&r=g","url":"https:\/\/secure.gravatar.com\/avatar\/749b636c0a018d7c0aa66e06d080837c7c69e2819abceea55852cb10208087c4?s=96&d=mm&r=g","contentUrl":"https:\/\/secure.gravatar.com\/avatar\/749b636c0a018d7c0aa66e06d080837c7c69e2819abceea55852cb10208087c4?s=96&d=mm&r=g","caption":"Harry"},"sameAs":["https:\/\/www.eifaschool.com"]}]}},"_links":{"self":[{"href":"https:\/\/www.eifaschool.com\/fr\/wp-json\/wp\/v2\/posts\/14564","targetHints":{"allow":["GET"]}}],"collection":[{"href":"https:\/\/www.eifaschool.com\/fr\/wp-json\/wp\/v2\/posts"}],"about":[{"href":"https:\/\/www.eifaschool.com\/fr\/wp-json\/wp\/v2\/types\/post"}],"author":[{"embeddable":true,"href":"https:\/\/www.eifaschool.com\/fr\/wp-json\/wp\/v2\/users\/1"}],"replies":[{"embeddable":true,"href":"https:\/\/www.eifaschool.com\/fr\/wp-json\/wp\/v2\/comments?post=14564"}],"version-history":[{"count":0,"href":"https:\/\/www.eifaschool.com\/fr\/wp-json\/wp\/v2\/posts\/14564\/revisions"}],"wp:featuredmedia":[{"embeddable":true,"href":"https:\/\/www.eifaschool.com\/fr\/wp-json\/wp\/v2\/media\/14510"}],"wp:attachment":[{"href":"https:\/\/www.eifaschool.com\/fr\/wp-json\/wp\/v2\/media?parent=14564"}],"wp:term":[{"taxonomy":"category","embeddable":true,"href":"https:\/\/www.eifaschool.com\/fr\/wp-json\/wp\/v2\/categories?post=14564"},{"taxonomy":"post_tag","embeddable":true,"href":"https:\/\/www.eifaschool.com\/fr\/wp-json\/wp\/v2\/tags?post=14564"}],"curies":[{"name":"wp","href":"https:\/\/api.w.org\/{rel}","templated":true}]}}